{"@context":"https:\/\/schema.org\/","@type":"CollectionPage","@id":"https:\/\/www.cz-tat.cz\/auto-moto\/#CollectionPage","headline":"Auto moto Category","description":"","url":"https:\/\/www.cz-tat.cz\/auto-moto\/","hasPart":[{"@type":"Article","@id":"https:\/\/www.cz-tat.cz\/nejdrazsi-automobil-na-svete-z-dilny-rolls-royce\/","headline":"Nejdra\u017e\u0161\u00ed automobil na sv\u011bt\u011b z d\u00edlny Rolls Royce","url":"https:\/\/www.cz-tat.cz\/nejdrazsi-automobil-na-svete-z-dilny-rolls-royce\/","datePublished":"2025-03-05","dateModified":"2023-04-27","mainEntityOfPage":"https:\/\/www.cz-tat.cz\/nejdrazsi-automobil-na-svete-z-dilny-rolls-royce\/","author":{"@type":"Person","@id":"https:\/\/www.cz-tat.cz\/author\/#Person","name":"cz-tat.cz\n","url":"https:\/\/www.cz-tat.cz\/author\/","identifier":1,"image":{"@type":"ImageObject","@id":"https:\/\/secure.gravatar.com\/avatar\/774cfd57496a9f02284489749b4229073861faca9d8a66df7d65507a77c5d31f?s=96&d=mm&r=g","url":"https:\/\/secure.gravatar.com\/avatar\/774cfd57496a9f02284489749b4229073861faca9d8a66df7d65507a77c5d31f?s=96&d=mm&r=g","height":96,"width":96}},"publisher":{"@type":"Organization","name":"cz-tat.cz","logo":{"@type":"ImageObject","@id":"\/logo.png","url":"\/logo.png","width":600,"height":60}},"image":{"@type":"ImageObject","@id":"https:\/\/www.cz-tat.cz\/wp-content\/uploads\/img_a342551_w1741_t1555353648.jpg","url":"https:\/\/www.cz-tat.cz\/wp-content\/uploads\/img_a342551_w1741_t1555353648.jpg","height":0,"width":0},"keywords":null},{"@type":"Article","@id":"https:\/\/www.cz-tat.cz\/jak-se-chovat-pri-hromadne-dopravni-nehode\/","headline":"Jak se chovat p\u0159i hromadn\u00e9 dopravn\u00ed nehod\u011b","url":"https:\/\/www.cz-tat.cz\/jak-se-chovat-pri-hromadne-dopravni-nehode\/","datePublished":"2025-03-02","dateModified":"2023-04-27","mainEntityOfPage":"https:\/\/www.cz-tat.cz\/jak-se-chovat-pri-hromadne-dopravni-nehode\/","author":{"@type":"Person","@id":"https:\/\/www.cz-tat.cz\/author\/#Person","name":"cz-tat.cz\n","url":"https:\/\/www.cz-tat.cz\/author\/","identifier":1,"image":{"@type":"ImageObject","@id":"https:\/\/secure.gravatar.com\/avatar\/774cfd57496a9f02284489749b4229073861faca9d8a66df7d65507a77c5d31f?s=96&d=mm&r=g","url":"https:\/\/secure.gravatar.com\/avatar\/774cfd57496a9f02284489749b4229073861faca9d8a66df7d65507a77c5d31f?s=96&d=mm&r=g","height":96,"width":96}},"publisher":{"@type":"Organization","name":"cz-tat.cz","logo":{"@type":"ImageObject","@id":"\/logo.png","url":"\/logo.png","width":600,"height":60}},"image":{"@type":"ImageObject","@id":"https:\/\/www.cz-tat.cz\/wp-content\/uploads\/img_a308789_w1741_t1519836434.jpg","url":"https:\/\/www.cz-tat.cz\/wp-content\/uploads\/img_a308789_w1741_t1519836434.jpg","height":0,"width":0},"keywords":null},{"@type":"Article","@id":"https:\/\/www.cz-tat.cz\/vykup-aut\/","headline":"V\u00fdkup aut","url":"https:\/\/www.cz-tat.cz\/vykup-aut\/","datePublished":"2025-03-02","dateModified":"2023-04-27","mainEntityOfPage":"https:\/\/www.cz-tat.cz\/vykup-aut\/","author":{"@type":"Person","@id":"https:\/\/www.cz-tat.cz\/author\/#Person","name":"cz-tat.cz\n","url":"https:\/\/www.cz-tat.cz\/author\/","identifier":1,"image":{"@type":"ImageObject","@id":"https:\/\/secure.gravatar.com\/avatar\/774cfd57496a9f02284489749b4229073861faca9d8a66df7d65507a77c5d31f?s=96&d=mm&r=g","url":"https:\/\/secure.gravatar.com\/avatar\/774cfd57496a9f02284489749b4229073861faca9d8a66df7d65507a77c5d31f?s=96&d=mm&r=g","height":96,"width":96}},"publisher":{"@type":"Organization","name":"cz-tat.cz","logo":{"@type":"ImageObject","@id":"\/logo.png","url":"\/logo.png","width":600,"height":60}},"image":{"@type":"ImageObject","@id":"https:\/\/www.cz-tat.cz\/wp-content\/uploads\/img_a342552_w1741_t1555353764.jpg","url":"https:\/\/www.cz-tat.cz\/wp-content\/uploads\/img_a342552_w1741_t1555353764.jpg","height":0,"width":0},"keywords":null},{"@type":"Article","@id":"https:\/\/www.cz-tat.cz\/auta-v-bazarech-se-nejlepe-kupuji-v-zime-vite-proc\/","headline":"Auta v bazarech se nejl\u00e9pe kupuj\u00ed v zim\u011b. V\u00edte pro\u010d?","url":"https:\/\/www.cz-tat.cz\/auta-v-bazarech-se-nejlepe-kupuji-v-zime-vite-proc\/","datePublished":"2023-04-27","dateModified":"2023-04-27","mainEntityOfPage":"https:\/\/www.cz-tat.cz\/auta-v-bazarech-se-nejlepe-kupuji-v-zime-vite-proc\/","author":{"@type":"Person","@id":"https:\/\/www.cz-tat.cz\/author\/#Person","name":"cz-tat.cz\n","url":"https:\/\/www.cz-tat.cz\/author\/","identifier":1,"image":{"@type":"ImageObject","@id":"https:\/\/secure.gravatar.com\/avatar\/774cfd57496a9f02284489749b4229073861faca9d8a66df7d65507a77c5d31f?s=96&d=mm&r=g","url":"https:\/\/secure.gravatar.com\/avatar\/774cfd57496a9f02284489749b4229073861faca9d8a66df7d65507a77c5d31f?s=96&d=mm&r=g","height":96,"width":96}},"publisher":{"@type":"Organization","name":"cz-tat.cz","logo":{"@type":"ImageObject","@id":"\/logo.png","url":"\/logo.png","width":600,"height":60}},"image":null,"keywords":null},{"@type":"Article","@id":"https:\/\/www.cz-tat.cz\/cesi-maji-strach-ze-pri-autonehode-nedokazi-zranenym-pomoci\/","headline":"\u010ce\u0161i maj\u00ed strach, \u017ee p\u0159i autonehod\u011b nedok\u00e1\u017e\u00ed zran\u011bn\u00fdm pomoci","url":"https:\/\/www.cz-tat.cz\/cesi-maji-strach-ze-pri-autonehode-nedokazi-zranenym-pomoci\/","datePublished":"2020-10-21","dateModified":"2023-04-27","mainEntityOfPage":"https:\/\/www.cz-tat.cz\/cesi-maji-strach-ze-pri-autonehode-nedokazi-zranenym-pomoci\/","author":{"@type":"Person","@id":"https:\/\/www.cz-tat.cz\/author\/#Person","name":"cz-tat.cz\n","url":"https:\/\/www.cz-tat.cz\/author\/","identifier":1,"image":{"@type":"ImageObject","@id":"https:\/\/secure.gravatar.com\/avatar\/774cfd57496a9f02284489749b4229073861faca9d8a66df7d65507a77c5d31f?s=96&d=mm&r=g","url":"https:\/\/secure.gravatar.com\/avatar\/774cfd57496a9f02284489749b4229073861faca9d8a66df7d65507a77c5d31f?s=96&d=mm&r=g","height":96,"width":96}},"publisher":{"@type":"Organization","name":"cz-tat.cz","logo":{"@type":"ImageObject","@id":"\/logo.png","url":"\/logo.png","width":600,"height":60}},"image":{"@type":"ImageObject","@id":"https:\/\/www.cz-tat.cz\/wp-content\/uploads\/img_a279366_w1741_t1602821759.jpg","url":"https:\/\/www.cz-tat.cz\/wp-content\/uploads\/img_a279366_w1741_t1602821759.jpg","height":0,"width":0},"keywords":null},{"@type":"Article","@id":"https:\/\/www.cz-tat.cz\/pojistovny-chteji-zvysit-povinne-ruceni-ridicum-kteri-casto-bouraji-nebo-jsou-casto-pokutovani\/","headline":"Poji\u0161\u0165ovny cht\u011bj\u00ed zv\u00fd\u0161it povinn\u00e9 ru\u010den\u00ed \u0159idi\u010d\u016fm, kte\u0159\u00ed \u010dasto bouraj\u00ed nebo jsou \u010dasto pokutov\u00e1ni","url":"https:\/\/www.cz-tat.cz\/pojistovny-chteji-zvysit-povinne-ruceni-ridicum-kteri-casto-bouraji-nebo-jsou-casto-pokutovani\/","datePublished":"2020-10-19","dateModified":"2023-04-27","mainEntityOfPage":"https:\/\/www.cz-tat.cz\/pojistovny-chteji-zvysit-povinne-ruceni-ridicum-kteri-casto-bouraji-nebo-jsou-casto-pokutovani\/","author":{"@type":"Person","@id":"https:\/\/www.cz-tat.cz\/author\/#Person","name":"cz-tat.cz\n","url":"https:\/\/www.cz-tat.cz\/author\/","identifier":1,"image":{"@type":"ImageObject","@id":"https:\/\/secure.gravatar.com\/avatar\/774cfd57496a9f02284489749b4229073861faca9d8a66df7d65507a77c5d31f?s=96&d=mm&r=g","url":"https:\/\/secure.gravatar.com\/avatar\/774cfd57496a9f02284489749b4229073861faca9d8a66df7d65507a77c5d31f?s=96&d=mm&r=g","height":96,"width":96}},"publisher":{"@type":"Organization","name":"cz-tat.cz","logo":{"@type":"ImageObject","@id":"\/logo.png","url":"\/logo.png","width":600,"height":60}},"image":{"@type":"ImageObject","@id":"https:\/\/www.cz-tat.cz\/wp-content\/uploads\/img_a279368_w1741_t1602821864.jpg","url":"https:\/\/www.cz-tat.cz\/wp-content\/uploads\/img_a279368_w1741_t1602821864.jpg","height":0,"width":0},"keywords":null},{"@type":"Article","@id":"https:\/\/www.cz-tat.cz\/laferrari-porsche-spyder-bmw-i8-autoskla-maji-z-horovic\/","headline":"LaFerrari, Porsche Spyder, BMW i8 \u2013 autoskla maj\u00ed z Ho\u0159ovic","url":"https:\/\/www.cz-tat.cz\/laferrari-porsche-spyder-bmw-i8-autoskla-maji-z-horovic\/","datePublished":"2020-10-17","dateModified":"2023-04-27","mainEntityOfPage":"https:\/\/www.cz-tat.cz\/laferrari-porsche-spyder-bmw-i8-autoskla-maji-z-horovic\/","author":{"@type":"Person","@id":"https:\/\/www.cz-tat.cz\/author\/#Person","name":"cz-tat.cz\n","url":"https:\/\/www.cz-tat.cz\/author\/","identifier":1,"image":{"@type":"ImageObject","@id":"https:\/\/secure.gravatar.com\/avatar\/774cfd57496a9f02284489749b4229073861faca9d8a66df7d65507a77c5d31f?s=96&d=mm&r=g","url":"https:\/\/secure.gravatar.com\/avatar\/774cfd57496a9f02284489749b4229073861faca9d8a66df7d65507a77c5d31f?s=96&d=mm&r=g","height":96,"width":96}},"publisher":{"@type":"Organization","name":"cz-tat.cz","logo":{"@type":"ImageObject","@id":"\/logo.png","url":"\/logo.png","width":600,"height":60}},"image":{"@type":"ImageObject","@id":"https:\/\/www.cz-tat.cz\/wp-content\/uploads\/img_a279365_w1741_t1602821536.jpg","url":"https:\/\/www.cz-tat.cz\/wp-content\/uploads\/img_a279365_w1741_t1602821536.jpg","height":0,"width":0},"keywords":null},{"@type":"Article","@id":"https:\/\/www.cz-tat.cz\/abyste-nedopadli-rezave\/","headline":"Abyste nedopadli rezav\u011b!","url":"https:\/\/www.cz-tat.cz\/abyste-nedopadli-rezave\/","datePublished":"2020-10-15","dateModified":"2023-04-27","mainEntityOfPage":"https:\/\/www.cz-tat.cz\/abyste-nedopadli-rezave\/","author":{"@type":"Person","@id":"https:\/\/www.cz-tat.cz\/author\/#Person","name":"cz-tat.cz\n","url":"https:\/\/www.cz-tat.cz\/author\/","identifier":1,"image":{"@type":"ImageObject","@id":"https:\/\/secure.gravatar.com\/avatar\/774cfd57496a9f02284489749b4229073861faca9d8a66df7d65507a77c5d31f?s=96&d=mm&r=g","url":"https:\/\/secure.gravatar.com\/avatar\/774cfd57496a9f02284489749b4229073861faca9d8a66df7d65507a77c5d31f?s=96&d=mm&r=g","height":96,"width":96}},"publisher":{"@type":"Organization","name":"cz-tat.cz","logo":{"@type":"ImageObject","@id":"\/logo.png","url":"\/logo.png","width":600,"height":60}},"image":{"@type":"ImageObject","@id":"https:\/\/www.cz-tat.cz\/wp-content\/uploads\/img_a278245_w1741_t1602056139.jpg","url":"https:\/\/www.cz-tat.cz\/wp-content\/uploads\/img_a278245_w1741_t1602056139.jpg","height":0,"width":0},"keywords":null},{"@type":"Article","@id":"https:\/\/www.cz-tat.cz\/obcas-ji-potrebuje-kazdy\/","headline":"Ob\u010das ji pot\u0159ebuje ka\u017ed\u00fd","url":"https:\/\/www.cz-tat.cz\/obcas-ji-potrebuje-kazdy\/","datePublished":"2019-12-11","dateModified":"2023-11-09","mainEntityOfPage":"https:\/\/www.cz-tat.cz\/obcas-ji-potrebuje-kazdy\/","author":{"@type":"Person","@id":"https:\/\/www.cz-tat.cz\/author\/#Person","name":"cz-tat.cz\n","url":"https:\/\/www.cz-tat.cz\/author\/","identifier":1,"image":{"@type":"ImageObject","@id":"https:\/\/secure.gravatar.com\/avatar\/774cfd57496a9f02284489749b4229073861faca9d8a66df7d65507a77c5d31f?s=96&d=mm&r=g","url":"https:\/\/secure.gravatar.com\/avatar\/774cfd57496a9f02284489749b4229073861faca9d8a66df7d65507a77c5d31f?s=96&d=mm&r=g","height":96,"width":96}},"publisher":{"@type":"Organization","name":"cz-tat.cz","logo":{"@type":"ImageObject","@id":"\/logo.png","url":"\/logo.png","width":600,"height":60}},"image":{"@type":"ImageObject","@id":"https:\/\/www.cz-tat.cz\/wp-content\/uploads\/img_a368330_w1741_t1580570291.jpg","url":"https:\/\/www.cz-tat.cz\/wp-content\/uploads\/img_a368330_w1741_t1580570291.jpg","height":0,"width":0},"keywords":null},{"@type":"Article","@id":"https:\/\/www.cz-tat.cz\/co-je-treba-opravit-po-koupi-ojeteho-auta\/","headline":"Co je t\u0159eba opravit po koupi ojet\u00e9ho auta","url":"https:\/\/www.cz-tat.cz\/co-je-treba-opravit-po-koupi-ojeteho-auta\/","datePublished":"2019-08-20","dateModified":"2023-04-27","mainEntityOfPage":"https:\/\/www.cz-tat.cz\/co-je-treba-opravit-po-koupi-ojeteho-auta\/","author":{"@type":"Person","@id":"https:\/\/www.cz-tat.cz\/author\/#Person","name":"cz-tat.cz\n","url":"https:\/\/www.cz-tat.cz\/author\/","identifier":1,"image":{"@type":"ImageObject","@id":"https:\/\/secure.gravatar.com\/avatar\/774cfd57496a9f02284489749b4229073861faca9d8a66df7d65507a77c5d31f?s=96&d=mm&r=g","url":"https:\/\/secure.gravatar.com\/avatar\/774cfd57496a9f02284489749b4229073861faca9d8a66df7d65507a77c5d31f?s=96&d=mm&r=g","height":96,"width":96}},"publisher":{"@type":"Organization","name":"cz-tat.cz","logo":{"@type":"ImageObject","@id":"\/logo.png","url":"\/logo.png","width":600,"height":60}},"image":{"@type":"ImageObject","@id":"https:\/\/www.cz-tat.cz\/wp-content\/uploads\/img_a351561_w1741_t1566075265.jpg","url":"https:\/\/www.cz-tat.cz\/wp-content\/uploads\/img_a351561_w1741_t1566075265.jpg","height":0,"width":0},"keywords":null}]}