[{"@context":"https:\/\/schema.org\/","@type":"Article","@id":"https:\/\/www.cz-tat.cz\/chcete-zazarit\/#Article","mainEntityOfPage":"https:\/\/www.cz-tat.cz\/chcete-zazarit\/","headline":"Chcete zaz\u00e1\u0159it","name":"Chcete zaz\u00e1\u0159it","description":"Jestli si va\u0161e firma nechce na pl\u00e1novan\u00e9m veletrhu ud\u011blat nam\u00edsto dobr\u00e9ho jm\u00e9na ostudu, tak mus\u00ed b\u00fdt na celou akci dob\u0159e p\u0159ipravena, a to se v\u0161\u00edm v\u0161udy a ve v\u0161ech sm\u011brech. V\u017edy\u0165 kdo je dnes zv\u011bdav\u00fd na n\u011bjak\u00e9 amat\u00e9ry, kte\u0159\u00ed budou st\u00e1t pod party stanem okolo jednoho dovezen\u00e9ho rozvrzan\u00e9ho stolu a budou se lidem a obchodn\u00edk\u016fm [&hellip;]","datePublished":"2024-10-31","dateModified":"2024-10-31","author":{"@type":"Person","@id":"https:\/\/www.cz-tat.cz\/author\/#Person","name":"cz-tat.cz\n","url":"https:\/\/www.cz-tat.cz\/author\/","identifier":1,"image":{"@type":"ImageObject","@id":"https:\/\/secure.gravatar.com\/avatar\/774cfd57496a9f02284489749b4229073861faca9d8a66df7d65507a77c5d31f?s=96&d=mm&r=g","url":"https:\/\/secure.gravatar.com\/avatar\/774cfd57496a9f02284489749b4229073861faca9d8a66df7d65507a77c5d31f?s=96&d=mm&r=g","height":96,"width":96}},"publisher":{"@type":"Organization","name":"cz-tat.cz","logo":{"@type":"ImageObject","@id":"\/logo.png","url":"\/logo.png","width":600,"height":60}},"url":"https:\/\/www.cz-tat.cz\/chcete-zazarit\/","wordCount":250,"articleBody":"\tJestli si va\u0161e firma nechce na pl\u00e1novan\u00e9m veletrhu ud\u011blat nam\u00edsto dobr\u00e9ho jm\u00e9na ostudu, tak mus\u00ed b\u00fdt na celou akci dob\u0159e p\u0159ipravena, a to se v\u0161\u00edm v\u0161udy a ve v\u0161ech sm\u011brech. V\u017edy\u0165 kdo je dnes zv\u011bdav\u00fd na n\u011bjak\u00e9 amat\u00e9ry, kte\u0159\u00ed budou st\u00e1t pod party stanem okolo jednoho dovezen\u00e9ho rozvrzan\u00e9ho stolu a budou se lidem a obchodn\u00edk\u016fm sna\u017eit namluvit, \u017ee pr\u00e1v\u011b oni jsou ti profesion\u00e1lov\u00e9, se kter\u00fdmi stoj\u00ed za to spojit s\u00edly. Tak hloup\u00fd a naivn\u00ed u\u017e dnes nikdo nen\u00ed a jeden pohled mluv\u00ed za v\u0161e, t\u00edm sp\u00ed\u0161e, \u017ee budete okolo obklopeni jin\u00fdmi st\u00e1nky s\u00a0precizn\u011b p\u0159ipraven\u00fdmi prezentacemi jejich zbo\u017e\u00ed.\tD\u011blat ten nejlep\u0161\u00ed dojemTak\u017ee je naprosto jasn\u00e9, \u017ee i vy mus\u00edte zabodovat, a ne vystupovat z\u00a0\u0159ady v\u00a0tom negativn\u00edm smyslu slova, a tak to tak\u00e9 bude. Objedn\u00e1te si na m\u00edru zhotoven\u00fd party stan poti\u0161t\u011bn\u00fd firemn\u00edmi logy a prezentac\u00ed va\u0161\u00ed firmy, pod n\u00edm rozm\u00edst\u00edte par\u00e1dn\u00ed pohodln\u00e1 k\u0159es\u00edlka anebo sedac\u00ed vaky a tak\u00e9 kvalitn\u00ed stolky, na kter\u00e9 rozlo\u017e\u00edte reklamn\u00ed materi\u00e1ly. A samoz\u0159ejm\u011b nebudou chyb\u011bt tak\u00e9 va\u0161e uk\u00e1zkov\u00e9 v\u00fdrobky a lid\u00e9, kte\u0159\u00ed je budou komentovat a prezentovat z\u00e1jemc\u016fm. No a samoz\u0159ejm\u011b nesm\u00ed chyb\u011bt ani \u017e\u00e1dan\u00e9 nejlevn\u011bj\u0161\u00ed reklamn\u00ed propisky s\u00a0logem firmy.                                                                                                                                                                                                                                                                                                                                                                                                "},{"@context":"https:\/\/schema.org\/","@type":"BreadcrumbList","itemListElement":[{"@type":"ListItem","position":1,"name":"Chcete zaz\u00e1\u0159it","item":"https:\/\/www.cz-tat.cz\/chcete-zazarit\/#breadcrumbitem"}]}]