[{"@context":"https:\/\/schema.org\/","@type":"Article","@id":"https:\/\/www.cz-tat.cz\/gdpr-jedine-s-odbornikem\/#Article","mainEntityOfPage":"https:\/\/www.cz-tat.cz\/gdpr-jedine-s-odbornikem\/","headline":"GDPR? Jedin\u011b s odborn\u00edkem!","name":"GDPR? Jedin\u011b s odborn\u00edkem!","description":"Sly\u0161eli jste ji\u017e n\u011bkdy o na\u0159\u00edzen\u00ed Gdpr? Pokud ne, jist\u011b v\u00e1s zaj\u00edm\u00e1, o co vlastn\u011b jde a pro\u010d se v posledn\u00edch letech okolo tohoto pojmu vytvo\u0159ilo tolik diskuz\u00ed. Toto na\u0159\u00edzen\u00ed poch\u00e1z\u00ed z d\u00edlny Evropsk\u00e9 unie a v z\u00e1sad\u011b nahradilo n\u00e1\u0161 \u010desk\u00fd z\u00e1kon o ochran\u011b osobn\u00edch \u00fadaj\u016f. Toto na\u0159\u00edzen\u00ed je v p\u00e1r z\u00e1sadn\u00edch v\u011bcech rozd\u00edln\u00e9 od [&hellip;]","datePublished":"2019-08-06","dateModified":"2023-04-27","author":{"@type":"Person","@id":"https:\/\/www.cz-tat.cz\/author\/#Person","name":"cz-tat.cz\n","url":"https:\/\/www.cz-tat.cz\/author\/","identifier":1,"image":{"@type":"ImageObject","@id":"https:\/\/secure.gravatar.com\/avatar\/774cfd57496a9f02284489749b4229073861faca9d8a66df7d65507a77c5d31f?s=96&d=mm&r=g","url":"https:\/\/secure.gravatar.com\/avatar\/774cfd57496a9f02284489749b4229073861faca9d8a66df7d65507a77c5d31f?s=96&d=mm&r=g","height":96,"width":96}},"publisher":{"@type":"Organization","name":"cz-tat.cz","logo":{"@type":"ImageObject","@id":"\/logo.png","url":"\/logo.png","width":600,"height":60}},"image":{"@type":"ImageObject","@id":"https:\/\/www.cz-tat.cz\/wp-content\/uploads\/img_a359879_w1741_t1573821163.jpg","url":"https:\/\/www.cz-tat.cz\/wp-content\/uploads\/img_a359879_w1741_t1573821163.jpg","height":0,"width":0},"url":"https:\/\/www.cz-tat.cz\/gdpr-jedine-s-odbornikem\/","about":["Business"],"wordCount":445,"articleBody":"Sly\u0161eli jste ji\u017e n\u011bkdy o na\u0159\u00edzen\u00ed Gdpr? Pokud ne, jist\u011b v\u00e1s zaj\u00edm\u00e1, o co vlastn\u011b jde a pro\u010d se v posledn\u00edch letech okolo tohoto pojmu vytvo\u0159ilo tolik diskuz\u00ed. Toto na\u0159\u00edzen\u00ed poch\u00e1z\u00ed z d\u00edlny Evropsk\u00e9 unie a v z\u00e1sad\u011b nahradilo n\u00e1\u0161 \u010desk\u00fd z\u00e1kon o ochran\u011b osobn\u00edch \u00fadaj\u016f. Toto na\u0159\u00edzen\u00ed je v p\u00e1r z\u00e1sadn\u00edch v\u011bcech rozd\u00edln\u00e9 od na\u0161eho p\u016fvodn\u00edho z\u00e1konu. Hlavn\u00ed my\u0161lenka spo\u010d\u00edv\u00e1 v tom, aby byla ochrana osobn\u00edch \u00fadaj\u016f pro v\u0161echny obyvatele Evropsk\u00e9 unie stejn\u00e1. Ot\u00e1zka r\u016fzn\u00fdch pr\u00e1v v r\u016fzn\u00fdch zem\u00edch byla matouc\u00ed a mnoh\u00e9 nadn\u00e1rodn\u00ed spole\u010dnosti ji zneu\u017e\u00edvali. Nebyli v\u00fdjimkou, kdy obchodovali s osobn\u00edmi \u00fadaji a vyd\u011bl\u00e1vali na nich. Zejm\u00e9na proto vzniklo tohle na\u0159\u00edzen\u00ed GDPR neboli General Data Protection Regulation. Ji\u017e zm\u00edn\u011bn\u00e9 na\u0159\u00edzen\u00ed je v platnosti ji\u017e od roku 2018. Nicm\u00e9n\u011b n\u011bkter\u00e9 firmy se do dne\u0161n\u00edch dn\u00ed s t\u00edmto na\u0159\u00edzen\u00edm nedok\u00e1zaly s\u017e\u00edt a st\u00e1le jej v pln\u00e9m rozsahu nedodr\u017euj\u00ed. Za p\u0159edpokladu, \u017ee k takov\u00fdm firm\u00e1m pat\u0159\u00ed i ta va\u0161e, m\u011bli byste urychlen\u011b vyhledat odborn\u00edka, kter\u00fd v\u00e1m s implementac\u00ed t\u011bchto pravidel pom\u016f\u017ee. Pokud by toti\u017e do va\u0161\u00ed firmy p\u0159i\u0161la inspekce a odhalila nedostatky v tomto ohledu, mohou v\u00e1s \u010dekat nemal\u00e9 finan\u010dn\u00ed sankce a dal\u0161\u00ed zbyte\u010dn\u00e9 probl\u00e9my. V\u0161em t\u011bmto probl\u00e9m\u016fm je lep\u0161\u00ed p\u0159edch\u00e1zet, nebo\u0165 by to mohlo znamenat i \u0161kraloup na pov\u011bsti va\u0161eho podniku. Vyplat\u00ed se proto investovat do GDPR speciality. Mezi z\u00e1kladn\u00ed v\u011bci, kter\u00e9 se oproti p\u016fvodn\u00edmu z\u00e1konu zm\u011bnily, pat\u0159\u00ed nap\u0159\u00edklad z\u00e1kaz publikov\u00e1n\u00ed fotografi\u00ed ciz\u00edch osob, kter\u00e9 v\u00e1m k uve\u0159ejn\u011bn\u00ed nedali souhlas. Je tomu tak zejm\u00e9na proto, \u017ee fotografie obli\u010deje byla odsouhlasena jako osobn\u00ed \u00fadaj a \u017e\u00e1dn\u00fd podnik nem\u00e1 pr\u00e1vo uve\u0159ej\u0148ovat \u017e\u00e1dn\u00e9 osobn\u00ed \u00fadaje bez v\u00fdslovn\u00e9ho nebo p\u00edsemn\u00e9ho souhlasu. Zejm\u00e9na tato zm\u011bna ud\u011blala \u010d\u00e1ru p\u0159es rozpo\u010det v\u0161em t\u011bm, kte\u0159\u00ed byli zvykl\u00ed publikovat fotografie z r\u016fzn\u00fdch firemn\u00ed akc\u00ed. Nicm\u00e9n\u011b na\u0159\u00edzen\u00ed je rozs\u00e1hl\u00ed dokument a zm\u011bn oproti p\u016fvodn\u00edmu z\u00e1konu je mnohem v\u00edce. \u010clov\u011bk, kter\u00fd v oboru nem\u00e1 \u017e\u00e1dn\u00e9 v\u011bdomosti, jen t\u011b\u017eko dodr\u017e\u00ed v\u0161echny na\u0159\u00edzen\u00ed, proto je opravdu na zv\u00e1\u017een\u00ed ka\u017ed\u00e9ho vlastn\u00edka firmy, zda nezam\u011bstn\u00e1 i jak\u00e9ho GDPR specialisty.                                                                                                                                                                                                                                                                                                                                                                                                "},{"@context":"https:\/\/schema.org\/","@type":"BreadcrumbList","itemListElement":[{"@type":"ListItem","position":1,"name":"GDPR? Jedin\u011b s odborn\u00edkem!","item":"https:\/\/www.cz-tat.cz\/gdpr-jedine-s-odbornikem\/#breadcrumbitem"}]}]