[{"@context":"https:\/\/schema.org\/","@type":"Article","@id":"https:\/\/www.cz-tat.cz\/hura\/#Article","mainEntityOfPage":"https:\/\/www.cz-tat.cz\/hura\/","headline":"Hur\u00e1","name":"Hur\u00e1","description":"Kone\u010dn\u011b mi d\u011bti odrostly z toho nejhor\u0161\u00edho v\u011bku, kdy vybaven\u00ed dom\u00e1cnosti jen ho\u0159\u00ed. Kdy v\u0161e omlacuj\u00ed, pomalov\u00e1vaj\u00ed, po\u0161krab\u00e1vaj\u00ed n\u016f\u017ekami a provozuj\u00ed jin\u00e9 z\u00e1\u0161kodnick\u00e9 \u010dinnosti m\u00ed\u0159en\u00e9 proti vybaven\u00ed dom\u00e1cnosti. Kone\u010dn\u011b se mohu zasn\u00edt a p\u0159edstavovat si, jak bude vypadat nov\u00e9 vybaven\u00ed. U\u017e ho vid\u00edm, bude kompletn\u011b v d\u0159ev\u011b, \u017e\u00e1dn\u00e1 p\u0159ekli\u017eka \u010di d\u0159evot\u0159\u00edska. Materi\u00e1l bude pro jistotu [&hellip;]","datePublished":"2024-12-24","dateModified":"2024-12-24","author":{"@type":"Person","@id":"https:\/\/www.cz-tat.cz\/author\/#Person","name":"cz-tat.cz\n","url":"https:\/\/www.cz-tat.cz\/author\/","identifier":1,"image":{"@type":"ImageObject","@id":"https:\/\/secure.gravatar.com\/avatar\/774cfd57496a9f02284489749b4229073861faca9d8a66df7d65507a77c5d31f?s=96&d=mm&r=g","url":"https:\/\/secure.gravatar.com\/avatar\/774cfd57496a9f02284489749b4229073861faca9d8a66df7d65507a77c5d31f?s=96&d=mm&r=g","height":96,"width":96}},"publisher":{"@type":"Organization","name":"cz-tat.cz","logo":{"@type":"ImageObject","@id":"\/logo.png","url":"\/logo.png","width":600,"height":60}},"url":"https:\/\/www.cz-tat.cz\/hura\/","wordCount":173,"articleBody":"Kone\u010dn\u011b mi d\u011bti odrostly z toho nejhor\u0161\u00edho v\u011bku, kdy vybaven\u00ed dom\u00e1cnosti jen ho\u0159\u00ed. Kdy v\u0161e omlacuj\u00ed, pomalov\u00e1vaj\u00ed, po\u0161krab\u00e1vaj\u00ed n\u016f\u017ekami a provozuj\u00ed jin\u00e9 z\u00e1\u0161kodnick\u00e9 \u010dinnosti m\u00ed\u0159en\u00e9 proti vybaven\u00ed dom\u00e1cnosti. Kone\u010dn\u011b se mohu zasn\u00edt a p\u0159edstavovat si, jak bude vypadat nov\u00e9 vybaven\u00ed. U\u017e ho vid\u00edm, bude kompletn\u011b v d\u0159ev\u011b, \u017e\u00e1dn\u00e1 p\u0159ekli\u017eka \u010di d\u0159evot\u0159\u00edska. Materi\u00e1l bude pro jistotu velmi odoln\u00fd s dlouhou \u017eivotnost\u00ed. Mus\u00edm m\u00edt t\u00e9\u017e mo\u017enost v\u00fdb\u011bru barev a to u jednoho zhotovitele, a\u0165 nen\u00ed ka\u017ed\u00fd kousek od n\u011bkoho jin\u00e9ho. Nejlep\u0161\u00ed volba Proto jsem do\u0161la k n\u00e1zoru, \u017ee nov\u00e9 kousky n\u00e1bytku z masivu budou na m\u00edru a od jednoho zhotovitele. Mus\u00ed b\u00fdt nejtvrd\u0161\u00edho d\u0159eva na sv\u011bt\u011b, v n\u011bkolika mo\u017en\u00fdch odst\u00ednech. V\u00fdb\u011br mus\u00ed b\u00fdt od sk\u0159\u00edn\u00ed a poli\u010dek, a\u017e po j\u00eddeln\u00ed a konferen\u010dn\u00ed stolek i postele.                                                                                                                                                                                                                                                                                                                                                                                                "},{"@context":"https:\/\/schema.org\/","@type":"BreadcrumbList","itemListElement":[{"@type":"ListItem","position":1,"name":"Hur\u00e1","item":"https:\/\/www.cz-tat.cz\/hura\/#breadcrumbitem"}]}]