[{"@context":"https:\/\/schema.org\/","@type":"Article","@id":"https:\/\/www.cz-tat.cz\/i-v-obdobi-ocekavani-prichodu-vaseho-miminka-muzete-byt-elegantni\/#Article","mainEntityOfPage":"https:\/\/www.cz-tat.cz\/i-v-obdobi-ocekavani-prichodu-vaseho-miminka-muzete-byt-elegantni\/","headline":"I v obdob\u00ed o\u010dek\u00e1v\u00e1n\u00ed p\u0159\u00edchodu Va\u0161eho miminka m\u016f\u017eete b\u00fdt elegantn\u00ed","name":"I v obdob\u00ed o\u010dek\u00e1v\u00e1n\u00ed p\u0159\u00edchodu Va\u0161eho miminka m\u016f\u017eete b\u00fdt elegantn\u00ed","description":"\u010cek\u00e1te miminko a pomalu, ale jist\u011b u\u017e Va\u0161e b\u0159\u00ed\u0161ko nevejde do Va\u0161e b\u011b\u017en\u00e9ho oble\u010den\u00ed? Nebojte se, na\u0161e modern\u00ed t\u011bhotensk\u00e1 m\u00f3da se\u00a0postar\u00e1, abyste i se i v\u00a0tomto obdob\u00ed c\u00edtila pohodln\u011b a p\u0159itom velmi elegantn\u011b. V\u00a0obdob\u00ed o\u010dek\u00e1v\u00e1n\u00ed va\u0161eho miminka se Va\u0161e t\u011blo m\u011bn\u00ed a samoz\u0159ejm\u011b, \u017ee s\u00a0rostouc\u00edm miminkem se V\u00e1m zv\u011bt\u0161uje i b\u0159\u00ed\u0161ko a tak pot\u0159ebujete oble\u010den\u00ed, [&hellip;]","datePublished":"2024-11-07","dateModified":"2024-11-07","author":{"@type":"Person","@id":"https:\/\/www.cz-tat.cz\/author\/#Person","name":"cz-tat.cz\n","url":"https:\/\/www.cz-tat.cz\/author\/","identifier":1,"image":{"@type":"ImageObject","@id":"https:\/\/secure.gravatar.com\/avatar\/774cfd57496a9f02284489749b4229073861faca9d8a66df7d65507a77c5d31f?s=96&d=mm&r=g","url":"https:\/\/secure.gravatar.com\/avatar\/774cfd57496a9f02284489749b4229073861faca9d8a66df7d65507a77c5d31f?s=96&d=mm&r=g","height":96,"width":96}},"publisher":{"@type":"Organization","name":"cz-tat.cz","logo":{"@type":"ImageObject","@id":"\/logo.png","url":"\/logo.png","width":600,"height":60}},"url":"https:\/\/www.cz-tat.cz\/i-v-obdobi-ocekavani-prichodu-vaseho-miminka-muzete-byt-elegantni\/","wordCount":247,"articleBody":"\t\u010cek\u00e1te miminko a pomalu, ale jist\u011b u\u017e Va\u0161e b\u0159\u00ed\u0161ko nevejde do Va\u0161e b\u011b\u017en\u00e9ho oble\u010den\u00ed? Nebojte se, na\u0161e modern\u00ed t\u011bhotensk\u00e1 m\u00f3da se\u00a0postar\u00e1, abyste i se i v\u00a0tomto obdob\u00ed c\u00edtila pohodln\u011b a p\u0159itom velmi elegantn\u011b. V\u00a0obdob\u00ed o\u010dek\u00e1v\u00e1n\u00ed va\u0161eho miminka se Va\u0161e t\u011blo m\u011bn\u00ed a samoz\u0159ejm\u011b, \u017ee s\u00a0rostouc\u00edm miminkem se V\u00e1m zv\u011bt\u0161uje i b\u0159\u00ed\u0161ko a tak pot\u0159ebujete oble\u010den\u00ed, kter\u00e9 dod\u00e1 pohodl\u00ed V\u00e1m i Va\u0161emu d\u011b\u0165\u00e1tku. A p\u0159esn\u011b takov\u00e9 oble\u010den\u00ed najdete v\u00a0na\u0161\u00ed \u0161irok\u00e9 nab\u00eddce v\u00a0t\u00e9 nejvy\u0161\u0161\u00ed kvalit\u011b za velmi p\u0159\u00edzniv\u00fdch cenov\u00fdch podm\u00ednek.\tU n\u00e1s si zaru\u010den\u011b vybereteDob\u0159e v\u00edme, jak je v\u00a0tomto obdob\u00ed pro V\u00e1s d\u016fle\u017eit\u00e9 pohodl\u00ed, ale samoz\u0159ejm\u011b tak\u00e9 ch\u00e1peme, \u017ee i v\u00a0t\u011bhotenstv\u00ed chcete vypadat skv\u011ble a elegantn\u011b. Pr\u00e1v\u011b proto je ve\u0161ker\u00e9 na\u0161e oble\u010den\u00ed p\u0159izp\u016fsobeno rostouc\u00edmu b\u0159\u00ed\u0161ku, je vyrobeno z\u00a0p\u0159\u00edjemn\u00fdch a kvalitn\u00edch materi\u00e1l\u016f a ve velmi modern\u00edch st\u0159iz\u00edch. Najdete u n\u00e1s m\u00f3du jak pro zimn\u00ed tak pro letn\u00ed obdob\u00ed a tak\u00e9 pro pohodln\u00fd sp\u00e1nek. Krom\u011b toho pro V\u00e1s m\u00e1me opravdu velk\u00fd v\u00fdb\u011br kojeneck\u00e9ho zbo\u017e\u00ed od oble\u010den\u00ed p\u0159es hra\u010dky a\u017e po ko\u010d\u00e1rky a dal\u0161\u00ed v\u00fdbavi\u010dku.                                                                                                                                                                                                                                                                                                                                                                                                "},{"@context":"https:\/\/schema.org\/","@type":"BreadcrumbList","itemListElement":[{"@type":"ListItem","position":1,"name":"I v obdob\u00ed o\u010dek\u00e1v\u00e1n\u00ed p\u0159\u00edchodu Va\u0161eho miminka m\u016f\u017eete b\u00fdt elegantn\u00ed","item":"https:\/\/www.cz-tat.cz\/i-v-obdobi-ocekavani-prichodu-vaseho-miminka-muzete-byt-elegantni\/#breadcrumbitem"}]}]