[{"@context":"https:\/\/schema.org\/","@type":"Article","@id":"https:\/\/www.cz-tat.cz\/kazdy-je-krasny\/#Article","mainEntityOfPage":"https:\/\/www.cz-tat.cz\/kazdy-je-krasny\/","headline":"Ka\u017ed\u00fd je kr\u00e1sn\u00fd","name":"Ka\u017ed\u00fd je kr\u00e1sn\u00fd","description":"Kdy\u017e si prohl\u00ed\u017e\u00edte z\u00e1b\u011bry zn\u00e1m\u00fdch i nezn\u00e1m\u00fdch tv\u00e1\u0159\u00ed na internetu, krout\u00edte jen mnohdy hlavou nad t\u00edm, \u017ee jsou v\u0161ichni tak kr\u00e1sn\u00ed? Jak to jen d\u011blaj\u00ed, t\u00e1\u017eete se sami sebe? Vy sami si p\u0159ipad\u00e1te tak n\u011bjak \u2013 oby\u010dejn\u00ed, ale ti z obr\u00e1zk\u016f? Jako by nikdy nebyli rozcuchan\u00ed, nenal\u00ed\u010den\u00ed. A kdy\u017e u\u017e ledabyl\u00fd rozcuch, tak jen slu\u0161iv\u00fd. [&hellip;]","datePublished":"2023-06-19","dateModified":"2024-06-20","author":{"@type":"Person","@id":"https:\/\/www.cz-tat.cz\/author\/#Person","name":"cz-tat.cz\n","url":"https:\/\/www.cz-tat.cz\/author\/","identifier":1,"image":{"@type":"ImageObject","@id":"https:\/\/secure.gravatar.com\/avatar\/774cfd57496a9f02284489749b4229073861faca9d8a66df7d65507a77c5d31f?s=96&d=mm&r=g","url":"https:\/\/secure.gravatar.com\/avatar\/774cfd57496a9f02284489749b4229073861faca9d8a66df7d65507a77c5d31f?s=96&d=mm&r=g","height":96,"width":96}},"publisher":{"@type":"Organization","name":"cz-tat.cz","logo":{"@type":"ImageObject","@id":"\/logo.png","url":"\/logo.png","width":600,"height":60}},"url":"https:\/\/www.cz-tat.cz\/kazdy-je-krasny\/","wordCount":235,"articleBody":"Kdy\u017e si prohl\u00ed\u017e\u00edte z\u00e1b\u011bry zn\u00e1m\u00fdch i nezn\u00e1m\u00fdch tv\u00e1\u0159\u00ed na internetu, krout\u00edte jen mnohdy hlavou nad t\u00edm, \u017ee jsou v\u0161ichni tak kr\u00e1sn\u00ed? Jak to jen d\u011blaj\u00ed, t\u00e1\u017eete se sami sebe? Vy sami si p\u0159ipad\u00e1te tak n\u011bjak \u2013 oby\u010dejn\u00ed, ale ti z obr\u00e1zk\u016f? Jako by nikdy nebyli rozcuchan\u00ed, nenal\u00ed\u010den\u00ed. A kdy\u017e u\u017e ledabyl\u00fd rozcuch, tak jen slu\u0161iv\u00fd. Nebojte se, jsou to tak\u00e9 jen lid\u00e9, lv\u00ed pod\u00edl na jejich vzhledu z t\u011bchto z\u00e1b\u011br\u016f m\u00e1 ten, kdo dan\u00e9 z\u00e1b\u011bry po\u0159\u00eddil, kdo je upravil pomoc\u00ed nejmodern\u011bj\u0161\u00ed techniky a postup\u016f, ten, kdo osoby pro z\u00e1b\u011bry upravil. S trochou pomoci m\u016f\u017ee b\u00fdt ka\u017ed\u00fd mimo\u0159\u00e1dn\u00fd, kouzeln\u00fd a kr\u00e1sn\u00fd. Nechte si takov\u00e9 z\u00e1b\u011bry zhotovit i Vy, objevte svou vnit\u0159n\u00ed kr\u00e1su.Uk\u00e1\u017eeme V\u00e1m toRozhodn\u011b nem\u00e1 cenu sna\u017eit se zachytit mimo\u0159\u00e1dn\u00e9 okam\u017eiky pomoc\u00ed mobiln\u00edho telefonu \u010di snad tabletu. To nem\u00e1 s profesion\u00e1ln\u00ed technikou mnoho spole\u010dn\u00e9ho. Fotoateli\u00e9r Pardubice v\u0161ak disponuje takovou technikou, kter\u00e1 rozhodn\u011b vykouzl\u00ed ty nejlep\u0161\u00ed z\u00e1b\u011bry, kter\u00e9 v dan\u00fdch podm\u00ednk\u00e1ch p\u0159ipadaj\u00ed v \u00favahu. Pokud p\u0159esto budete cht\u00edt v\u00fdsledek je\u0161t\u011b doladit, dle Va\u0161eho p\u0159\u00e1n\u00ed obr\u00e1zky uprav\u00edme tak, abyste byli maxim\u00e1ln\u011b spokojeni.                                                                                                                                                                                                                                                                                                                                                                                                "},{"@context":"https:\/\/schema.org\/","@type":"BreadcrumbList","itemListElement":[{"@type":"ListItem","position":1,"name":"Ka\u017ed\u00fd je kr\u00e1sn\u00fd","item":"https:\/\/www.cz-tat.cz\/kazdy-je-krasny\/#breadcrumbitem"}]}]