[{"@context":"https:\/\/schema.org\/","@type":"Article","@id":"https:\/\/www.cz-tat.cz\/krasna-plet\/#Article","mainEntityOfPage":"https:\/\/www.cz-tat.cz\/krasna-plet\/","headline":"Kr\u00e1sn\u00e1 ple\u0165","name":"Kr\u00e1sn\u00e1 ple\u0165","description":"\u0158\u00edk\u00e1te si, \u017ee \u010dlov\u011bk se nem\u016f\u017ee udr\u017eovat mlad\u00fd a kr\u00e1sn\u00fd? Pokud si to mysl\u00edte, tak jste samoz\u0159ejm\u011b na omylu. J\u00e1 jsem si u\u017e kolikr\u00e1t \u0159\u00edkala, \u017ee bych cht\u011bla b\u00fdt st\u00e1le mlad\u00e1 a samoz\u0159ejm\u011b kr\u00e1sn\u00e1. A zn\u00e1te v\u016fbec n\u011bkoho, kter\u00e9mu je t\u0159eba \u010dty\u0159icet let a vypad\u00e1 nap\u0159\u00edklad na dvacet let? J\u00e1 nikoho takov\u00e9ho nezn\u00e1m. A kdybych [&hellip;]","datePublished":"2023-03-26","dateModified":"2023-11-07","author":{"@type":"Person","@id":"https:\/\/www.cz-tat.cz\/author\/#Person","name":"cz-tat.cz\n","url":"https:\/\/www.cz-tat.cz\/author\/","identifier":1,"image":{"@type":"ImageObject","@id":"https:\/\/secure.gravatar.com\/avatar\/774cfd57496a9f02284489749b4229073861faca9d8a66df7d65507a77c5d31f?s=96&d=mm&r=g","url":"https:\/\/secure.gravatar.com\/avatar\/774cfd57496a9f02284489749b4229073861faca9d8a66df7d65507a77c5d31f?s=96&d=mm&r=g","height":96,"width":96}},"publisher":{"@type":"Organization","name":"cz-tat.cz","logo":{"@type":"ImageObject","@id":"\/logo.png","url":"\/logo.png","width":600,"height":60}},"image":{"@type":"ImageObject","@id":"https:\/\/www.cz-tat.cz\/wp-content\/uploads\/woman-3220835_960_720.jpg","url":"https:\/\/www.cz-tat.cz\/wp-content\/uploads\/woman-3220835_960_720.jpg","height":0,"width":0},"url":"https:\/\/www.cz-tat.cz\/krasna-plet\/","about":["Business"],"wordCount":433,"articleBody":"   \u0158\u00edk\u00e1te si, \u017ee \u010dlov\u011bk se nem\u016f\u017ee udr\u017eovat mlad\u00fd a kr\u00e1sn\u00fd? Pokud si to mysl\u00edte, tak jste samoz\u0159ejm\u011b na omylu. J\u00e1 jsem si u\u017e kolikr\u00e1t \u0159\u00edkala, \u017ee bych cht\u011bla b\u00fdt st\u00e1le mlad\u00e1 a samoz\u0159ejm\u011b kr\u00e1sn\u00e1. A zn\u00e1te v\u016fbec n\u011bkoho, kter\u00e9mu je t\u0159eba \u010dty\u0159icet let a vypad\u00e1 nap\u0159\u00edklad na dvacet let? J\u00e1 nikoho takov\u00e9ho nezn\u00e1m. A kdybych znala, tak bych mu mo\u017en\u00e1 asi z\u00e1vid\u011bla. Mysl\u00edm si, \u017ee tohle snad ani nejde. Podle m\u00e9ho n\u00e1zoru neexistuje to, \u017ee by n\u011bkdo vypadal o dvacet let m\u00e9n\u011b, ne\u017e kolik mu doopravdy je. Nebo se m\u00fdl\u00edm? I kdy\u017e ale v\u00edm, \u017ee v\u00fdjimky samoz\u0159ejm\u011b jsou. A v\u00edte, co t\u011b\u0161\u00ed opravdu hodn\u011b m\u011b? Poka\u017ed\u00e9, kdy\u017e t\u0159eba n\u011bkdy jedu autobusem, tak mi u\u017e \u010dty\u0159ikr\u00e1t pan \u0159idi\u010d dal polovi\u010dn\u00ed j\u00edzdn\u00e9. A to je mi t\u0159icet \u010dty\u0159i let. A to si p\u00e1n myslel, \u017ee jsem je\u0161t\u011b studentka st\u0159edn\u00ed \u0161koly. Ani nev\u00edte, jak moc m\u011b to pot\u011b\u0161ilo. Proto\u017ee v tolika letech a vypadat t\u0159eba na \u0161estn\u00e1ct let? To m\u011b samoz\u0159ejm\u011b velice pot\u011b\u0161ilo a mo\u017en\u00e1 to bylo t\u00edm, \u017ee jsem nosila moc r\u00e1da k\u0161iltovku a takov\u00e9 sportovn\u00ed kabelky. Ale to nevad\u00ed. I tak jsem byla nad\u0161en\u00e1, \u017ee mi to st\u00e1le slu\u0161\u00ed. Ale abych svou kr\u00e1su a mladost podpo\u0159ila, tak u\u017e\u00edv\u00e1m hydrolyzovan\u00fd mo\u0159sk\u00fd kolagen. Ten je opravdu kvalitn\u00ed. A hydrolyzovan\u00fd mo\u0159sk\u00fd kolagen se\u017eenete na webov\u00e9 str\u00e1nce orcacollagen.cz, kde se je\u0161t\u011b o tomto hydrolyzovan\u00e9m mo\u0159sk\u00fdm kolagenu dozv\u00edte v\u00edce informac\u00ed.Jsou tady naps\u00e1ny opravdu v\u0161echny informace, kter\u00e9 byste o tomto hydrolyzovan\u00e9m mo\u0159sk\u00e9m kolagenu m\u011bli v\u011bd\u011bt. Je to opravdu bezpe\u010dn\u00e9. A m\u016f\u017eete si ho koupit jak v pr\u00e1\u0161ku, tak tak\u00e9 v tobolk\u00e1ch. J\u00e1 tento hydrolyzovan\u00fd kolagen u\u017e\u00edv\u00e1m v pr\u00e1\u0161ku a mus\u00edm uznat, \u017ee je velice kvalitn\u00ed. Opravdu v\u00e1m pom\u016f\u017ee s lep\u0161\u00ed elasticitu k\u016f\u017ee a vlas\u016f, ale taky v\u00e1m pom\u016f\u017ee na va\u0161e klouby jako kloubn\u00ed v\u00fd\u017eiva. Je opravdu \u00fa\u010dinn\u00fd a Mysl\u00edm si, \u017ee by ho m\u011bl u\u017e\u00edvat ka\u017ed\u00fd \u010dlov\u011bk, a to jak \u017eena, tak tak\u00e9 mu\u017e. I mu\u017ei cht\u011bj\u00ed b\u00fdt kr\u00e1sn\u00ed, tak\u017ee hydrolyzovan\u00fd mo\u0159sk\u00fd kolagen Orcacollagen je opravdu pro v\u0161echny.                                                                                                                                                                                                                                                                                                                                                                                                   "},{"@context":"https:\/\/schema.org\/","@type":"BreadcrumbList","itemListElement":[{"@type":"ListItem","position":1,"name":"Kr\u00e1sn\u00e1 ple\u0165","item":"https:\/\/www.cz-tat.cz\/krasna-plet\/#breadcrumbitem"}]}]