[{"@context":"https:\/\/schema.org\/","@type":"Article","@id":"https:\/\/www.cz-tat.cz\/myti-oken-vitrin-a-vyloh\/#Article","mainEntityOfPage":"https:\/\/www.cz-tat.cz\/myti-oken-vitrin-a-vyloh\/","headline":"Myt\u00ed oken, vitr\u00edn a v\u00fdloh","name":"Myt\u00ed oken, vitr\u00edn a v\u00fdloh","description":"Skoro ka\u017ed\u00fd z n\u00e1s nejsp\u00ed\u0161e n\u011bkdy zkusil, jak\u00e1 je pr\u00e1ce ohledn\u011b myt\u00ed oken. Po\u0159\u00e1dn\u011b nan\u00e9st \u010distic\u00ed prost\u0159edky, rozle\u0161tit a pot\u00e9 st\u011brkou set\u0159\u00edt a takhle po\u0159\u00e1d dokola. Ne v\u0161em, se v\u0161ak tato pr\u00e1ce zamlouv\u00e1, pokud jde pouze o okna v byt\u011b nebo v dom\u011b, je\u0161t\u011b se nad t\u00edm d\u00e1 p\u0159imhou\u0159it oka. Pokud v\u0161ak jde o velk\u00e9 [&hellip;]","datePublished":"2019-10-26","dateModified":"2023-04-27","author":{"@type":"Person","@id":"https:\/\/www.cz-tat.cz\/author\/#Person","name":"cz-tat.cz\n","url":"https:\/\/www.cz-tat.cz\/author\/","identifier":1,"image":{"@type":"ImageObject","@id":"https:\/\/secure.gravatar.com\/avatar\/774cfd57496a9f02284489749b4229073861faca9d8a66df7d65507a77c5d31f?s=96&d=mm&r=g","url":"https:\/\/secure.gravatar.com\/avatar\/774cfd57496a9f02284489749b4229073861faca9d8a66df7d65507a77c5d31f?s=96&d=mm&r=g","height":96,"width":96}},"publisher":{"@type":"Organization","name":"cz-tat.cz","logo":{"@type":"ImageObject","@id":"\/logo.png","url":"\/logo.png","width":600,"height":60}},"image":{"@type":"ImageObject","@id":"https:\/\/www.cz-tat.cz\/wp-content\/uploads\/img_a361896_w1741_t1574934899.jpg","url":"https:\/\/www.cz-tat.cz\/wp-content\/uploads\/img_a361896_w1741_t1574934899.jpg","height":0,"width":0},"url":"https:\/\/www.cz-tat.cz\/myti-oken-vitrin-a-vyloh\/","about":["Zbo\u017e\u00ed"],"wordCount":438,"articleBody":"       Skoro ka\u017ed\u00fd z n\u00e1s nejsp\u00ed\u0161e n\u011bkdy zkusil, jak\u00e1 je pr\u00e1ce ohledn\u011b myt\u00ed oken. Po\u0159\u00e1dn\u011b nan\u00e9st \u010distic\u00ed prost\u0159edky, rozle\u0161tit a pot\u00e9 st\u011brkou set\u0159\u00edt a takhle po\u0159\u00e1d dokola. Ne v\u0161em, se v\u0161ak tato pr\u00e1ce zamlouv\u00e1, pokud jde pouze o okna v byt\u011b nebo v dom\u011b, je\u0161t\u011b se nad t\u00edm d\u00e1 p\u0159imhou\u0159it oka. Pokud v\u0161ak jde o velk\u00e9 vitr\u00edny u obchod\u016f nebo v\u00fdlohy se zbo\u017e\u00edm, je to \u00fapln\u011b o n\u011b\u010dem jin\u00e9m a to nemluv\u00edm o obchodn\u00edch pas\u00e1\u017e\u00edch a dal\u0161\u00edch stavb\u00e1ch. P\u0159edstavte si, \u017ee byste m\u011bli um\u00fdvat v\u00fdlohu obchodu, kter\u00e1 bude m\u00edt v\u00edce ne\u017e \u010dty\u0159i metry, to u\u017e je tak tro\u0161ku jin\u00fd o\u0159\u00ed\u0161ek. To stejn\u00e9 se t\u00fdk\u00e1 st\u0159e\u0161n\u00edch oken, na pr\u016fmyslov\u00fdch hal\u00e1ch, obchodn\u00edch domech a dal\u0161\u00ed velk\u00fdch budov, kde je \u0161patn\u00fd p\u0159\u00edstup, nebo nebezpe\u010d\u00ed \u00farazu p\u0159i pr\u00e1ci. Co si budeme \u0159\u00edkat, zdrav\u00ed m\u00e1me jenom jedno a nikdo n\u00e1m ho v p\u0159\u00edpad\u011b zran\u011bn\u00ed ur\u010dit\u011b nevr\u00e1t\u00ed.Myt\u00ed oken Praha 8, V\u00e1m zajist\u00ed ve\u0161ker\u00e9 slu\u017eby t\u00fdkaj\u00edc\u00ed se t\u011bchto prac\u00ed. Tato firma V\u00e1m zajist\u00ed profesion\u00e1ln\u00ed \u010di\u0161t\u011bn\u00ed a myt\u00ed oken a to i v nadzemn\u00edch patrech a v\u00fd\u0161kov\u00fdch budov\u00e1ch. Tento t\u00fdm se skl\u00e1d\u00e1 z pro\u0161kolen\u00fdch profesion\u00e1l\u016f, tak\u017ee se nemus\u00edte b\u00e1t, \u017ee by na va\u0161ich oknech byli \u0161mouhy nebo ba dokonce ho po\u0161kr\u00e1bali. V\u0161e se d\u011bl\u00e1 s naprostou opatrnost\u00ed a pe\u010dlivost\u00ed. Na webov\u00fdch str\u00e1nk\u00e1ch dopln\u00edte jednoduchou \u017e\u00e1dost, kde uvedete osobn\u00ed \u00fadaje o tom, co si p\u0159ejete vykonat za pr\u00e1ci a kde se m\u00edsto nach\u00e1z\u00ed. Na v\u0161ech podrobnostech se samoz\u0159ejm\u011b domluv\u00edte u\u017e bl\u00ed\u017ee s danou firmou, ur\u010dit\u011b V\u00e1m vyjde ve v\u0161em vst\u0159\u00edc. Pokud jde o prostory, ve st\u00edsn\u011bn\u00fdch prostor\u00e1ch, nebo vysoko nad zem\u00ed, kde hroz\u00ed p\u00e1d, nehrajte si na hrdiny a rad\u0161i v\u017edy objednejte profesion\u00e1ly. Pro\u0161kolen\u00ed zam\u011bstnanci p\u0159ece jenom v\u00ed, jak \u00fa\u010dinn\u011b a hlavn\u011b bezpe\u010dn\u011b um\u00fdt a vy\u010distit v\u0161echny va\u0161e okna od mastnoty a \u0161mouh. Nejen, \u017ee u\u0161et\u0159\u00edte drahocenn\u00fd \u010das, kter\u00fd m\u016f\u017eete vyu\u017e\u00edt jinak, ale tak\u00e9 se V\u00e1m zaru\u010den\u011b nic nestane, proto\u017ee budete v pohodl\u00ed sv\u00e9 kancel\u00e1\u0159e a pr\u00e1ci za V\u00e1s odvedou jin\u00ed.                                                                                                                                                                                                                                                                                                                                                                                                  "},{"@context":"https:\/\/schema.org\/","@type":"BreadcrumbList","itemListElement":[{"@type":"ListItem","position":1,"name":"Myt\u00ed oken, vitr\u00edn a v\u00fdloh","item":"https:\/\/www.cz-tat.cz\/myti-oken-vitrin-a-vyloh\/#breadcrumbitem"}]}]