[{"@context":"https:\/\/schema.org\/","@type":"Article","@id":"https:\/\/www.cz-tat.cz\/na-wellness-ma-pravo-kazdy\/#Article","mainEntityOfPage":"https:\/\/www.cz-tat.cz\/na-wellness-ma-pravo-kazdy\/","headline":"Na wellness m\u00e1 pr\u00e1vo ka\u017ed\u00fd","name":"Na wellness m\u00e1 pr\u00e1vo ka\u017ed\u00fd","description":"Jezd\u00edte na \u0160umavu? Pokud ne, zkuste to te\u010f. Sami se p\u0159esv\u011bd\u010d\u00edte, \u017ee to bude st\u00e1t zato. Ocitnete se uprost\u0159ed kr\u00e1sn\u00e9 p\u0159\u00edrody, kter\u00e1 v\u00e1s bude obklopovat ze v\u0161ech stran. Uv\u00edt\u00e1 v\u00e1s hotel \u010cesk\u00e9 \u017dleby p\u0159\u00edmo uprost\u0159ed n\u00e1rodn\u00edho parku \u0160umava nedaleko hranic s N\u011bmeckem a Rakouskem. Pro\u017eijete kr\u00e1snou dovolenou a dom\u016f si odvezete p\u0159\u00edjemn\u00e9 vzpom\u00ednky. Wellness \u0160umava [&hellip;]","datePublished":"2025-04-25","dateModified":"2025-04-25","author":{"@type":"Person","@id":"https:\/\/www.cz-tat.cz\/author\/#Person","name":"cz-tat.cz\n","url":"https:\/\/www.cz-tat.cz\/author\/","identifier":1,"image":{"@type":"ImageObject","@id":"https:\/\/secure.gravatar.com\/avatar\/774cfd57496a9f02284489749b4229073861faca9d8a66df7d65507a77c5d31f?s=96&d=mm&r=g","url":"https:\/\/secure.gravatar.com\/avatar\/774cfd57496a9f02284489749b4229073861faca9d8a66df7d65507a77c5d31f?s=96&d=mm&r=g","height":96,"width":96}},"publisher":{"@type":"Organization","name":"cz-tat.cz","logo":{"@type":"ImageObject","@id":"\/logo.png","url":"\/logo.png","width":600,"height":60}},"url":"https:\/\/www.cz-tat.cz\/na-wellness-ma-pravo-kazdy\/","wordCount":188,"articleBody":"Jezd\u00edte na \u0160umavu? Pokud ne, zkuste to te\u010f. Sami se p\u0159esv\u011bd\u010d\u00edte, \u017ee to bude st\u00e1t zato. Ocitnete se uprost\u0159ed kr\u00e1sn\u00e9 p\u0159\u00edrody, kter\u00e1 v\u00e1s bude obklopovat ze v\u0161ech stran. Uv\u00edt\u00e1 v\u00e1s hotel \u010cesk\u00e9 \u017dleby p\u0159\u00edmo uprost\u0159ed n\u00e1rodn\u00edho parku \u0160umava nedaleko hranic s N\u011bmeckem a Rakouskem. Pro\u017eijete kr\u00e1snou dovolenou a dom\u016f si odvezete p\u0159\u00edjemn\u00e9 vzpom\u00ednky. Wellness \u0160umava &#8211; dovolen\u00e1 pro v\u00e1s.Wellness \u0160umavaSeznamte se s hotelem \u010cesk\u00e9 \u017dleby na \u0160umav\u011b. Obklopuje ho n\u00e1dhern\u00e1 p\u0159\u00edroda. M\u00e1te i p\u0159\u00edle\u017eitost nav\u0161t\u00edvit sousedn\u00ed N\u011bmecko nebo Rakousko. S pobytem u n\u00e1s budete jist\u011b spokojeni. Vedle n\u00e1dhern\u00e9 p\u0159\u00edrody jist\u011b ocen\u00edte i nadstandardn\u00ed ubytov\u00e1n\u00ed v na\u0161em hotelu. M\u016f\u017eete vyu\u017e\u00edt i \u00a8wellness slu\u017eby. K dispozici je i p\u016fj\u010dovna kol a kolob\u011b\u017eek.Wellness \u0160umava v\u00e1s nezklame.Internetov\u00e9 str\u00e1nkyV\u0161e o na\u0161ich slu\u017eb\u00e1ch se do\u010dtete na na\u0161ich internetov\u00fdch str\u00e1nk\u00e1ch. Wellness \u0160umava se v\u00e1m bude l\u00edbit.                                                                                                                                                                                                                                                                                                                                                                                                "},{"@context":"https:\/\/schema.org\/","@type":"BreadcrumbList","itemListElement":[{"@type":"ListItem","position":1,"name":"Na wellness m\u00e1 pr\u00e1vo ka\u017ed\u00fd","item":"https:\/\/www.cz-tat.cz\/na-wellness-ma-pravo-kazdy\/#breadcrumbitem"}]}]