[{"@context":"https:\/\/schema.org\/","@type":"Blog","@id":"https:\/\/www.cz-tat.cz#Blog","headline":"CZ tat","description":"\nM\u00e1te r\u00e1di nejr\u016fzn\u011bj\u0161\u00ed \u010dasopisy a magaz\u00edny, ale na dovolenou se v\u00e1m nevejdou do kufru? Pak si ur\u010dit\u011b obl\u00edb\u00edte ten n\u00e1\u0161. Jedn\u00e1 se o internetov\u00fd magaz\u00edn, kter\u00fd si pohodln\u011b p\u0159e\u010dtete z telefonu \u010di tabletu a dozv\u00edte se v\u0161e.","url":"https:\/\/www.cz-tat.cz","hasPart":[{"@type":"Article","@id":"https:\/\/www.cz-tat.cz\/krasna-plet\/","headline":"Kr\u00e1sn\u00e1 ple\u0165","url":"https:\/\/www.cz-tat.cz\/krasna-plet\/","datePublished":"2023-03-26","dateModified":"2023-11-07","mainEntityOfPage":"https:\/\/www.cz-tat.cz\/krasna-plet\/","author":{"@type":"Person","@id":"https:\/\/www.cz-tat.cz\/author\/#Person","name":"cz-tat.cz\n","url":"https:\/\/www.cz-tat.cz\/author\/","identifier":1,"image":{"@type":"ImageObject","@id":"https:\/\/secure.gravatar.com\/avatar\/774cfd57496a9f02284489749b4229073861faca9d8a66df7d65507a77c5d31f?s=96&d=mm&r=g","url":"https:\/\/secure.gravatar.com\/avatar\/774cfd57496a9f02284489749b4229073861faca9d8a66df7d65507a77c5d31f?s=96&d=mm&r=g","height":96,"width":96}},"publisher":{"@type":"Organization","name":"cz-tat.cz","logo":{"@type":"ImageObject","@id":"\/logo.png","url":"\/logo.png","width":600,"height":60}},"image":{"@type":"ImageObject","@id":"https:\/\/www.cz-tat.cz\/wp-content\/uploads\/woman-3220835_960_720.jpg","url":"https:\/\/www.cz-tat.cz\/wp-content\/uploads\/woman-3220835_960_720.jpg","height":0,"width":0},"wordCount":532,"keywords":null},{"@type":"Article","@id":"https:\/\/www.cz-tat.cz\/zacnete-svuj-novy-zivot-od-podlahy\/","headline":"Za\u010dn\u011bte sv\u016fj nov\u00fd \u017eivot od podlahy","url":"https:\/\/www.cz-tat.cz\/zacnete-svuj-novy-zivot-od-podlahy\/","datePublished":"2023-03-26","dateModified":"2024-03-27","mainEntityOfPage":"https:\/\/www.cz-tat.cz\/zacnete-svuj-novy-zivot-od-podlahy\/","author":{"@type":"Person","@id":"https:\/\/www.cz-tat.cz\/author\/#Person","name":"cz-tat.cz\n","url":"https:\/\/www.cz-tat.cz\/author\/","identifier":1,"image":{"@type":"ImageObject","@id":"https:\/\/secure.gravatar.com\/avatar\/774cfd57496a9f02284489749b4229073861faca9d8a66df7d65507a77c5d31f?s=96&d=mm&r=g","url":"https:\/\/secure.gravatar.com\/avatar\/774cfd57496a9f02284489749b4229073861faca9d8a66df7d65507a77c5d31f?s=96&d=mm&r=g","height":96,"width":96}},"publisher":{"@type":"Organization","name":"cz-tat.cz","logo":{"@type":"ImageObject","@id":"\/logo.png","url":"\/logo.png","width":600,"height":60}},"image":null,"wordCount":535,"keywords":null},{"@type":"Article","@id":"https:\/\/www.cz-tat.cz\/trendy-vyvoje-smeruji-stale-k-lepsim-vykonovym-parametrum-motoru\/","headline":"Trendy v\u00fdvoje sm\u011b\u0159uj\u00ed st\u00e1le k lep\u0161\u00edm v\u00fdkonov\u00fdm parametr\u016fm motor\u016f","url":"https:\/\/www.cz-tat.cz\/trendy-vyvoje-smeruji-stale-k-lepsim-vykonovym-parametrum-motoru\/","datePublished":"2023-02-20","dateModified":"2024-02-21","mainEntityOfPage":"https:\/\/www.cz-tat.cz\/trendy-vyvoje-smeruji-stale-k-lepsim-vykonovym-parametrum-motoru\/","author":{"@type":"Person","@id":"https:\/\/www.cz-tat.cz\/author\/#Person","name":"cz-tat.cz\n","url":"https:\/\/www.cz-tat.cz\/author\/","identifier":1,"image":{"@type":"ImageObject","@id":"https:\/\/secure.gravatar.com\/avatar\/774cfd57496a9f02284489749b4229073861faca9d8a66df7d65507a77c5d31f?s=96&d=mm&r=g","url":"https:\/\/secure.gravatar.com\/avatar\/774cfd57496a9f02284489749b4229073861faca9d8a66df7d65507a77c5d31f?s=96&d=mm&r=g","height":96,"width":96}},"publisher":{"@type":"Organization","name":"cz-tat.cz","logo":{"@type":"ImageObject","@id":"\/logo.png","url":"\/logo.png","width":600,"height":60}},"image":null,"wordCount":406,"keywords":null},{"@type":"Article","@id":"https:\/\/www.cz-tat.cz\/ajurvedsky-caj-a-jeho-skvele-ucinky\/","headline":"Ajurv\u00e9dsk\u00fd \u010daj a jeho skv\u011bl\u00e9 \u00fa\u010dinky","url":"https:\/\/www.cz-tat.cz\/ajurvedsky-caj-a-jeho-skvele-ucinky\/","datePublished":"2022-11-20","dateModified":"2023-04-27","mainEntityOfPage":"https:\/\/www.cz-tat.cz\/ajurvedsky-caj-a-jeho-skvele-ucinky\/","author":{"@type":"Person","@id":"https:\/\/www.cz-tat.cz\/author\/#Person","name":"cz-tat.cz\n","url":"https:\/\/www.cz-tat.cz\/author\/","identifier":1,"image":{"@type":"ImageObject","@id":"https:\/\/secure.gravatar.com\/avatar\/774cfd57496a9f02284489749b4229073861faca9d8a66df7d65507a77c5d31f?s=96&d=mm&r=g","url":"https:\/\/secure.gravatar.com\/avatar\/774cfd57496a9f02284489749b4229073861faca9d8a66df7d65507a77c5d31f?s=96&d=mm&r=g","height":96,"width":96}},"publisher":{"@type":"Organization","name":"cz-tat.cz","logo":{"@type":"ImageObject","@id":"\/logo.png","url":"\/logo.png","width":600,"height":60}},"image":{"@type":"ImageObject","@id":"https:\/\/www.cz-tat.cz\/wp-content\/uploads\/pexels-ng%C3%B4-tr%E1%BB%8Dng-an-1717767.jpg","url":"https:\/\/www.cz-tat.cz\/wp-content\/uploads\/pexels-ng%C3%B4-tr%E1%BB%8Dng-an-1717767.jpg","height":0,"width":0},"wordCount":565,"keywords":null},{"@type":"Article","@id":"https:\/\/www.cz-tat.cz\/proc-je-nezbytne-mit-sidlo-firmy\/","headline":"Pro\u010d je nezbytn\u00e9 m\u00edt s\u00eddlo firmy","url":"https:\/\/www.cz-tat.cz\/proc-je-nezbytne-mit-sidlo-firmy\/","datePublished":"2022-11-20","dateModified":"2023-04-27","mainEntityOfPage":"https:\/\/www.cz-tat.cz\/proc-je-nezbytne-mit-sidlo-firmy\/","author":{"@type":"Person","@id":"https:\/\/www.cz-tat.cz\/author\/#Person","name":"cz-tat.cz\n","url":"https:\/\/www.cz-tat.cz\/author\/","identifier":1,"image":{"@type":"ImageObject","@id":"https:\/\/secure.gravatar.com\/avatar\/774cfd57496a9f02284489749b4229073861faca9d8a66df7d65507a77c5d31f?s=96&d=mm&r=g","url":"https:\/\/secure.gravatar.com\/avatar\/774cfd57496a9f02284489749b4229073861faca9d8a66df7d65507a77c5d31f?s=96&d=mm&r=g","height":96,"width":96}},"publisher":{"@type":"Organization","name":"cz-tat.cz","logo":{"@type":"ImageObject","@id":"\/logo.png","url":"\/logo.png","width":600,"height":60}},"image":{"@type":"ImageObject","@id":"https:\/\/www.cz-tat.cz\/wp-content\/uploads\/sidlofirmy4_8.jpg","url":"https:\/\/www.cz-tat.cz\/wp-content\/uploads\/sidlofirmy4_8.jpg","height":0,"width":0},"wordCount":616,"keywords":null},{"@type":"Article","@id":"https:\/\/www.cz-tat.cz\/dalsi-vlna-covidu-jak-se-pred-ni-branit\/","headline":"Dal\u0161\u00ed vlna covidu &#8211; jak se p\u0159ed n\u00ed br\u00e1nit?","url":"https:\/\/www.cz-tat.cz\/dalsi-vlna-covidu-jak-se-pred-ni-branit\/","datePublished":"2022-07-08","dateModified":"2023-04-27","mainEntityOfPage":"https:\/\/www.cz-tat.cz\/dalsi-vlna-covidu-jak-se-pred-ni-branit\/","author":{"@type":"Person","@id":"https:\/\/www.cz-tat.cz\/author\/#Person","name":"cz-tat.cz\n","url":"https:\/\/www.cz-tat.cz\/author\/","identifier":1,"image":{"@type":"ImageObject","@id":"https:\/\/secure.gravatar.com\/avatar\/774cfd57496a9f02284489749b4229073861faca9d8a66df7d65507a77c5d31f?s=96&d=mm&r=g","url":"https:\/\/secure.gravatar.com\/avatar\/774cfd57496a9f02284489749b4229073861faca9d8a66df7d65507a77c5d31f?s=96&d=mm&r=g","height":96,"width":96}},"publisher":{"@type":"Organization","name":"cz-tat.cz","logo":{"@type":"ImageObject","@id":"\/logo.png","url":"\/logo.png","width":600,"height":60}},"image":{"@type":"ImageObject","@id":"https:\/\/www.cz-tat.cz\/wp-content\/uploads\/corona-gb8af7013f_640.jpg","url":"https:\/\/www.cz-tat.cz\/wp-content\/uploads\/corona-gb8af7013f_640.jpg","height":0,"width":0},"wordCount":655,"keywords":null},{"@type":"Article","@id":"https:\/\/www.cz-tat.cz\/ochrana-identity\/","headline":"Ochrana identity","url":"https:\/\/www.cz-tat.cz\/ochrana-identity\/","datePublished":"2022-05-07","dateModified":"2023-04-27","mainEntityOfPage":"https:\/\/www.cz-tat.cz\/ochrana-identity\/","author":{"@type":"Person","@id":"https:\/\/www.cz-tat.cz\/author\/#Person","name":"cz-tat.cz\n","url":"https:\/\/www.cz-tat.cz\/author\/","identifier":1,"image":{"@type":"ImageObject","@id":"https:\/\/secure.gravatar.com\/avatar\/774cfd57496a9f02284489749b4229073861faca9d8a66df7d65507a77c5d31f?s=96&d=mm&r=g","url":"https:\/\/secure.gravatar.com\/avatar\/774cfd57496a9f02284489749b4229073861faca9d8a66df7d65507a77c5d31f?s=96&d=mm&r=g","height":96,"width":96}},"publisher":{"@type":"Organization","name":"cz-tat.cz","logo":{"@type":"ImageObject","@id":"\/logo.png","url":"\/logo.png","width":600,"height":60}},"image":{"@type":"ImageObject","@id":"https:\/\/www.cz-tat.cz\/wp-content\/uploads\/euro-g897e82d53_640_7.jpg","url":"https:\/\/www.cz-tat.cz\/wp-content\/uploads\/euro-g897e82d53_640_7.jpg","height":0,"width":0},"wordCount":580,"keywords":null},{"@type":"Article","@id":"https:\/\/www.cz-tat.cz\/strouhany-kokos-by-nemel-v-domacnosti-chybet\/","headline":"Strouhan\u00fd kokos by nem\u011bl v dom\u00e1cnosti chyb\u011bt","url":"https:\/\/www.cz-tat.cz\/strouhany-kokos-by-nemel-v-domacnosti-chybet\/","datePublished":"2020-11-16","dateModified":"2023-04-27","mainEntityOfPage":"https:\/\/www.cz-tat.cz\/strouhany-kokos-by-nemel-v-domacnosti-chybet\/","author":{"@type":"Person","@id":"https:\/\/www.cz-tat.cz\/author\/#Person","name":"cz-tat.cz\n","url":"https:\/\/www.cz-tat.cz\/author\/","identifier":1,"image":{"@type":"ImageObject","@id":"https:\/\/secure.gravatar.com\/avatar\/774cfd57496a9f02284489749b4229073861faca9d8a66df7d65507a77c5d31f?s=96&d=mm&r=g","url":"https:\/\/secure.gravatar.com\/avatar\/774cfd57496a9f02284489749b4229073861faca9d8a66df7d65507a77c5d31f?s=96&d=mm&r=g","height":96,"width":96}},"publisher":{"@type":"Organization","name":"cz-tat.cz","logo":{"@type":"ImageObject","@id":"\/logo.png","url":"\/logo.png","width":600,"height":60}},"image":{"@type":"ImageObject","@id":"https:\/\/www.cz-tat.cz\/wp-content\/uploads\/rozp%C5%AFlen%C3%BD%20kokos_5.jpg","url":"https:\/\/www.cz-tat.cz\/wp-content\/uploads\/rozp%C5%AFlen%C3%BD%20kokos_5.jpg","height":0,"width":0},"wordCount":576,"keywords":null},{"@type":"Article","@id":"https:\/\/www.cz-tat.cz\/muzi-foti-sami-sebe-casteji-nez-zeny\/","headline":"Mu\u017ei fot\u00ed sami sebe \u010dast\u011bji ne\u017e \u017eeny","url":"https:\/\/www.cz-tat.cz\/muzi-foti-sami-sebe-casteji-nez-zeny\/","datePublished":"2020-10-26","dateModified":"2023-04-27","mainEntityOfPage":"https:\/\/www.cz-tat.cz\/muzi-foti-sami-sebe-casteji-nez-zeny\/","author":{"@type":"Person","@id":"https:\/\/www.cz-tat.cz\/author\/#Person","name":"cz-tat.cz\n","url":"https:\/\/www.cz-tat.cz\/author\/","identifier":1,"image":{"@type":"ImageObject","@id":"https:\/\/secure.gravatar.com\/avatar\/774cfd57496a9f02284489749b4229073861faca9d8a66df7d65507a77c5d31f?s=96&d=mm&r=g","url":"https:\/\/secure.gravatar.com\/avatar\/774cfd57496a9f02284489749b4229073861faca9d8a66df7d65507a77c5d31f?s=96&d=mm&r=g","height":96,"width":96}},"publisher":{"@type":"Organization","name":"cz-tat.cz","logo":{"@type":"ImageObject","@id":"\/logo.png","url":"\/logo.png","width":600,"height":60}},"image":{"@type":"ImageObject","@id":"https:\/\/www.cz-tat.cz\/wp-content\/uploads\/img_a279826_w1741_t1602952883.jpg","url":"https:\/\/www.cz-tat.cz\/wp-content\/uploads\/img_a279826_w1741_t1602952883.jpg","height":0,"width":0},"wordCount":509,"keywords":null},{"@type":"Article","@id":"https:\/\/www.cz-tat.cz\/muzsky-kolektiv\/","headline":"Mu\u017esk\u00fd kolektiv","url":"https:\/\/www.cz-tat.cz\/muzsky-kolektiv\/","datePublished":"2020-10-25","dateModified":"2023-04-27","mainEntityOfPage":"https:\/\/www.cz-tat.cz\/muzsky-kolektiv\/","author":{"@type":"Person","@id":"https:\/\/www.cz-tat.cz\/author\/#Person","name":"cz-tat.cz\n","url":"https:\/\/www.cz-tat.cz\/author\/","identifier":1,"image":{"@type":"ImageObject","@id":"https:\/\/secure.gravatar.com\/avatar\/774cfd57496a9f02284489749b4229073861faca9d8a66df7d65507a77c5d31f?s=96&d=mm&r=g","url":"https:\/\/secure.gravatar.com\/avatar\/774cfd57496a9f02284489749b4229073861faca9d8a66df7d65507a77c5d31f?s=96&d=mm&r=g","height":96,"width":96}},"publisher":{"@type":"Organization","name":"cz-tat.cz","logo":{"@type":"ImageObject","@id":"\/logo.png","url":"\/logo.png","width":600,"height":60}},"image":{"@type":"ImageObject","@id":"https:\/\/www.cz-tat.cz\/wp-content\/uploads\/img_a277353_w1741_t1601752944.jpg","url":"https:\/\/www.cz-tat.cz\/wp-content\/uploads\/img_a277353_w1741_t1601752944.jpg","height":0,"width":0},"wordCount":543,"keywords":null}]},{"@context":"https:\/\/schema.org","@type":"WebSite","@id":"https:\/\/www.cz-tat.cz\/#website","name":"CZ tat","url":"https:\/\/www.cz-tat.cz","potentialAction":{"@type":"SearchAction","target":"https:\/\/www.cz-tat.cz\/?s={search_term_string}","query-input":"required name=search_term_string"}}]