[{"@context":"https:\/\/schema.org\/","@type":"Blog","@id":"https:\/\/www.cz-tat.cz#Blog","headline":"CZ tat","description":"\nM\u00e1te r\u00e1di nejr\u016fzn\u011bj\u0161\u00ed \u010dasopisy a magaz\u00edny, ale na dovolenou se v\u00e1m nevejdou do kufru? Pak si ur\u010dit\u011b obl\u00edb\u00edte ten n\u00e1\u0161. Jedn\u00e1 se o internetov\u00fd magaz\u00edn, kter\u00fd si pohodln\u011b p\u0159e\u010dtete z telefonu \u010di tabletu a dozv\u00edte se v\u0161e.","url":"https:\/\/www.cz-tat.cz","hasPart":[{"@type":"Article","@id":"https:\/\/www.cz-tat.cz\/vase-bydleni-nemusi-byt-rozpalene\/","headline":"Va\u0161e bydlen\u00ed nemus\u00ed b\u00fdt rozp\u00e1len\u00e9","url":"https:\/\/www.cz-tat.cz\/vase-bydleni-nemusi-byt-rozpalene\/","datePublished":"2020-10-25","dateModified":"2023-04-27","mainEntityOfPage":"https:\/\/www.cz-tat.cz\/vase-bydleni-nemusi-byt-rozpalene\/","author":{"@type":"Person","@id":"https:\/\/www.cz-tat.cz\/author\/#Person","name":"cz-tat.cz\n","url":"https:\/\/www.cz-tat.cz\/author\/","identifier":1,"image":{"@type":"ImageObject","@id":"https:\/\/secure.gravatar.com\/avatar\/774cfd57496a9f02284489749b4229073861faca9d8a66df7d65507a77c5d31f?s=96&d=mm&r=g","url":"https:\/\/secure.gravatar.com\/avatar\/774cfd57496a9f02284489749b4229073861faca9d8a66df7d65507a77c5d31f?s=96&d=mm&r=g","height":96,"width":96}},"publisher":{"@type":"Organization","name":"cz-tat.cz","logo":{"@type":"ImageObject","@id":"\/logo.png","url":"\/logo.png","width":600,"height":60}},"image":{"@type":"ImageObject","@id":"https:\/\/www.cz-tat.cz\/wp-content\/uploads\/img_a278591_w1741_t1602150258.jpg","url":"https:\/\/www.cz-tat.cz\/wp-content\/uploads\/img_a278591_w1741_t1602150258.jpg","height":0,"width":0},"wordCount":506,"keywords":null},{"@type":"Article","@id":"https:\/\/www.cz-tat.cz\/jak-ovlivnit-male-deti-technikou\/","headline":"Jak ovlivnit mal\u00e9 d\u011bti technikou","url":"https:\/\/www.cz-tat.cz\/jak-ovlivnit-male-deti-technikou\/","datePublished":"2020-10-23","dateModified":"2023-04-27","mainEntityOfPage":"https:\/\/www.cz-tat.cz\/jak-ovlivnit-male-deti-technikou\/","author":{"@type":"Person","@id":"https:\/\/www.cz-tat.cz\/author\/#Person","name":"cz-tat.cz\n","url":"https:\/\/www.cz-tat.cz\/author\/","identifier":1,"image":{"@type":"ImageObject","@id":"https:\/\/secure.gravatar.com\/avatar\/774cfd57496a9f02284489749b4229073861faca9d8a66df7d65507a77c5d31f?s=96&d=mm&r=g","url":"https:\/\/secure.gravatar.com\/avatar\/774cfd57496a9f02284489749b4229073861faca9d8a66df7d65507a77c5d31f?s=96&d=mm&r=g","height":96,"width":96}},"publisher":{"@type":"Organization","name":"cz-tat.cz","logo":{"@type":"ImageObject","@id":"\/logo.png","url":"\/logo.png","width":600,"height":60}},"image":{"@type":"ImageObject","@id":"https:\/\/www.cz-tat.cz\/wp-content\/uploads\/img_a278946_w1741_t1602575480.jpg","url":"https:\/\/www.cz-tat.cz\/wp-content\/uploads\/img_a278946_w1741_t1602575480.jpg","height":0,"width":0},"wordCount":537,"keywords":null},{"@type":"Article","@id":"https:\/\/www.cz-tat.cz\/kdo-si-hraje-nezlobi\/","headline":"Kdo si hraje, nezlob\u00ed","url":"https:\/\/www.cz-tat.cz\/kdo-si-hraje-nezlobi\/","datePublished":"2020-10-23","dateModified":"2023-04-27","mainEntityOfPage":"https:\/\/www.cz-tat.cz\/kdo-si-hraje-nezlobi\/","author":{"@type":"Person","@id":"https:\/\/www.cz-tat.cz\/author\/#Person","name":"cz-tat.cz\n","url":"https:\/\/www.cz-tat.cz\/author\/","identifier":1,"image":{"@type":"ImageObject","@id":"https:\/\/secure.gravatar.com\/avatar\/774cfd57496a9f02284489749b4229073861faca9d8a66df7d65507a77c5d31f?s=96&d=mm&r=g","url":"https:\/\/secure.gravatar.com\/avatar\/774cfd57496a9f02284489749b4229073861faca9d8a66df7d65507a77c5d31f?s=96&d=mm&r=g","height":96,"width":96}},"publisher":{"@type":"Organization","name":"cz-tat.cz","logo":{"@type":"ImageObject","@id":"\/logo.png","url":"\/logo.png","width":600,"height":60}},"image":{"@type":"ImageObject","@id":"https:\/\/www.cz-tat.cz\/wp-content\/uploads\/img_a278186_w1741_t1602048789.jpg","url":"https:\/\/www.cz-tat.cz\/wp-content\/uploads\/img_a278186_w1741_t1602048789.jpg","height":0,"width":0},"wordCount":529,"keywords":null},{"@type":"Article","@id":"https:\/\/www.cz-tat.cz\/prijemne-a-romanticke-bydleni\/","headline":"P\u0159\u00edjemn\u00e9 a romantick\u00e9 bydlen\u00ed","url":"https:\/\/www.cz-tat.cz\/prijemne-a-romanticke-bydleni\/","datePublished":"2020-10-21","dateModified":"2023-04-27","mainEntityOfPage":"https:\/\/www.cz-tat.cz\/prijemne-a-romanticke-bydleni\/","author":{"@type":"Person","@id":"https:\/\/www.cz-tat.cz\/author\/#Person","name":"cz-tat.cz\n","url":"https:\/\/www.cz-tat.cz\/author\/","identifier":1,"image":{"@type":"ImageObject","@id":"https:\/\/secure.gravatar.com\/avatar\/774cfd57496a9f02284489749b4229073861faca9d8a66df7d65507a77c5d31f?s=96&d=mm&r=g","url":"https:\/\/secure.gravatar.com\/avatar\/774cfd57496a9f02284489749b4229073861faca9d8a66df7d65507a77c5d31f?s=96&d=mm&r=g","height":96,"width":96}},"publisher":{"@type":"Organization","name":"cz-tat.cz","logo":{"@type":"ImageObject","@id":"\/logo.png","url":"\/logo.png","width":600,"height":60}},"image":{"@type":"ImageObject","@id":"https:\/\/www.cz-tat.cz\/wp-content\/uploads\/img_a278143_w1741_t1601978013.jpg","url":"https:\/\/www.cz-tat.cz\/wp-content\/uploads\/img_a278143_w1741_t1601978013.jpg","height":0,"width":0},"wordCount":490,"keywords":null},{"@type":"Article","@id":"https:\/\/www.cz-tat.cz\/cesi-maji-strach-ze-pri-autonehode-nedokazi-zranenym-pomoci\/","headline":"\u010ce\u0161i maj\u00ed strach, \u017ee p\u0159i autonehod\u011b nedok\u00e1\u017e\u00ed zran\u011bn\u00fdm pomoci","url":"https:\/\/www.cz-tat.cz\/cesi-maji-strach-ze-pri-autonehode-nedokazi-zranenym-pomoci\/","datePublished":"2020-10-21","dateModified":"2023-04-27","mainEntityOfPage":"https:\/\/www.cz-tat.cz\/cesi-maji-strach-ze-pri-autonehode-nedokazi-zranenym-pomoci\/","author":{"@type":"Person","@id":"https:\/\/www.cz-tat.cz\/author\/#Person","name":"cz-tat.cz\n","url":"https:\/\/www.cz-tat.cz\/author\/","identifier":1,"image":{"@type":"ImageObject","@id":"https:\/\/secure.gravatar.com\/avatar\/774cfd57496a9f02284489749b4229073861faca9d8a66df7d65507a77c5d31f?s=96&d=mm&r=g","url":"https:\/\/secure.gravatar.com\/avatar\/774cfd57496a9f02284489749b4229073861faca9d8a66df7d65507a77c5d31f?s=96&d=mm&r=g","height":96,"width":96}},"publisher":{"@type":"Organization","name":"cz-tat.cz","logo":{"@type":"ImageObject","@id":"\/logo.png","url":"\/logo.png","width":600,"height":60}},"image":{"@type":"ImageObject","@id":"https:\/\/www.cz-tat.cz\/wp-content\/uploads\/img_a279366_w1741_t1602821759.jpg","url":"https:\/\/www.cz-tat.cz\/wp-content\/uploads\/img_a279366_w1741_t1602821759.jpg","height":0,"width":0},"wordCount":511,"keywords":null},{"@type":"Article","@id":"https:\/\/www.cz-tat.cz\/nemylit-se-v-posuzovani-druhych\/","headline":"Nem\u00fdlit se v posuzov\u00e1n\u00ed druh\u00fdch","url":"https:\/\/www.cz-tat.cz\/nemylit-se-v-posuzovani-druhych\/","datePublished":"2020-10-20","dateModified":"2023-04-27","mainEntityOfPage":"https:\/\/www.cz-tat.cz\/nemylit-se-v-posuzovani-druhych\/","author":{"@type":"Person","@id":"https:\/\/www.cz-tat.cz\/author\/#Person","name":"cz-tat.cz\n","url":"https:\/\/www.cz-tat.cz\/author\/","identifier":1,"image":{"@type":"ImageObject","@id":"https:\/\/secure.gravatar.com\/avatar\/774cfd57496a9f02284489749b4229073861faca9d8a66df7d65507a77c5d31f?s=96&d=mm&r=g","url":"https:\/\/secure.gravatar.com\/avatar\/774cfd57496a9f02284489749b4229073861faca9d8a66df7d65507a77c5d31f?s=96&d=mm&r=g","height":96,"width":96}},"publisher":{"@type":"Organization","name":"cz-tat.cz","logo":{"@type":"ImageObject","@id":"\/logo.png","url":"\/logo.png","width":600,"height":60}},"image":{"@type":"ImageObject","@id":"https:\/\/www.cz-tat.cz\/wp-content\/uploads\/img_a278224_w1741_t1602054451.jpg","url":"https:\/\/www.cz-tat.cz\/wp-content\/uploads\/img_a278224_w1741_t1602054451.jpg","height":0,"width":0},"wordCount":471,"keywords":null},{"@type":"Article","@id":"https:\/\/www.cz-tat.cz\/co-je-on-line-komunikace\/","headline":"Co je on-line komunikace","url":"https:\/\/www.cz-tat.cz\/co-je-on-line-komunikace\/","datePublished":"2020-10-19","dateModified":"2023-04-27","mainEntityOfPage":"https:\/\/www.cz-tat.cz\/co-je-on-line-komunikace\/","author":{"@type":"Person","@id":"https:\/\/www.cz-tat.cz\/author\/#Person","name":"cz-tat.cz\n","url":"https:\/\/www.cz-tat.cz\/author\/","identifier":1,"image":{"@type":"ImageObject","@id":"https:\/\/secure.gravatar.com\/avatar\/774cfd57496a9f02284489749b4229073861faca9d8a66df7d65507a77c5d31f?s=96&d=mm&r=g","url":"https:\/\/secure.gravatar.com\/avatar\/774cfd57496a9f02284489749b4229073861faca9d8a66df7d65507a77c5d31f?s=96&d=mm&r=g","height":96,"width":96}},"publisher":{"@type":"Organization","name":"cz-tat.cz","logo":{"@type":"ImageObject","@id":"\/logo.png","url":"\/logo.png","width":600,"height":60}},"image":{"@type":"ImageObject","@id":"https:\/\/www.cz-tat.cz\/wp-content\/uploads\/img_a278187_w1741_t1602048917.jpg","url":"https:\/\/www.cz-tat.cz\/wp-content\/uploads\/img_a278187_w1741_t1602048917.jpg","height":0,"width":0},"wordCount":562,"keywords":null},{"@type":"Article","@id":"https:\/\/www.cz-tat.cz\/pojistovny-chteji-zvysit-povinne-ruceni-ridicum-kteri-casto-bouraji-nebo-jsou-casto-pokutovani\/","headline":"Poji\u0161\u0165ovny cht\u011bj\u00ed zv\u00fd\u0161it povinn\u00e9 ru\u010den\u00ed \u0159idi\u010d\u016fm, kte\u0159\u00ed \u010dasto bouraj\u00ed nebo jsou \u010dasto pokutov\u00e1ni","url":"https:\/\/www.cz-tat.cz\/pojistovny-chteji-zvysit-povinne-ruceni-ridicum-kteri-casto-bouraji-nebo-jsou-casto-pokutovani\/","datePublished":"2020-10-19","dateModified":"2023-04-27","mainEntityOfPage":"https:\/\/www.cz-tat.cz\/pojistovny-chteji-zvysit-povinne-ruceni-ridicum-kteri-casto-bouraji-nebo-jsou-casto-pokutovani\/","author":{"@type":"Person","@id":"https:\/\/www.cz-tat.cz\/author\/#Person","name":"cz-tat.cz\n","url":"https:\/\/www.cz-tat.cz\/author\/","identifier":1,"image":{"@type":"ImageObject","@id":"https:\/\/secure.gravatar.com\/avatar\/774cfd57496a9f02284489749b4229073861faca9d8a66df7d65507a77c5d31f?s=96&d=mm&r=g","url":"https:\/\/secure.gravatar.com\/avatar\/774cfd57496a9f02284489749b4229073861faca9d8a66df7d65507a77c5d31f?s=96&d=mm&r=g","height":96,"width":96}},"publisher":{"@type":"Organization","name":"cz-tat.cz","logo":{"@type":"ImageObject","@id":"\/logo.png","url":"\/logo.png","width":600,"height":60}},"image":{"@type":"ImageObject","@id":"https:\/\/www.cz-tat.cz\/wp-content\/uploads\/img_a279368_w1741_t1602821864.jpg","url":"https:\/\/www.cz-tat.cz\/wp-content\/uploads\/img_a279368_w1741_t1602821864.jpg","height":0,"width":0},"wordCount":536,"keywords":null},{"@type":"Article","@id":"https:\/\/www.cz-tat.cz\/specializujeme-se-na-beton\/","headline":"Specializujeme se na beton","url":"https:\/\/www.cz-tat.cz\/specializujeme-se-na-beton\/","datePublished":"2020-10-19","dateModified":"2023-04-27","mainEntityOfPage":"https:\/\/www.cz-tat.cz\/specializujeme-se-na-beton\/","author":{"@type":"Person","@id":"https:\/\/www.cz-tat.cz\/author\/#Person","name":"cz-tat.cz\n","url":"https:\/\/www.cz-tat.cz\/author\/","identifier":1,"image":{"@type":"ImageObject","@id":"https:\/\/secure.gravatar.com\/avatar\/774cfd57496a9f02284489749b4229073861faca9d8a66df7d65507a77c5d31f?s=96&d=mm&r=g","url":"https:\/\/secure.gravatar.com\/avatar\/774cfd57496a9f02284489749b4229073861faca9d8a66df7d65507a77c5d31f?s=96&d=mm&r=g","height":96,"width":96}},"publisher":{"@type":"Organization","name":"cz-tat.cz","logo":{"@type":"ImageObject","@id":"\/logo.png","url":"\/logo.png","width":600,"height":60}},"image":{"@type":"ImageObject","@id":"https:\/\/www.cz-tat.cz\/wp-content\/uploads\/img_a278266_w1741_t1602057301.jpg","url":"https:\/\/www.cz-tat.cz\/wp-content\/uploads\/img_a278266_w1741_t1602057301.jpg","height":0,"width":0},"wordCount":502,"keywords":null},{"@type":"Article","@id":"https:\/\/www.cz-tat.cz\/laferrari-porsche-spyder-bmw-i8-autoskla-maji-z-horovic\/","headline":"LaFerrari, Porsche Spyder, BMW i8 \u2013 autoskla maj\u00ed z Ho\u0159ovic","url":"https:\/\/www.cz-tat.cz\/laferrari-porsche-spyder-bmw-i8-autoskla-maji-z-horovic\/","datePublished":"2020-10-17","dateModified":"2023-04-27","mainEntityOfPage":"https:\/\/www.cz-tat.cz\/laferrari-porsche-spyder-bmw-i8-autoskla-maji-z-horovic\/","author":{"@type":"Person","@id":"https:\/\/www.cz-tat.cz\/author\/#Person","name":"cz-tat.cz\n","url":"https:\/\/www.cz-tat.cz\/author\/","identifier":1,"image":{"@type":"ImageObject","@id":"https:\/\/secure.gravatar.com\/avatar\/774cfd57496a9f02284489749b4229073861faca9d8a66df7d65507a77c5d31f?s=96&d=mm&r=g","url":"https:\/\/secure.gravatar.com\/avatar\/774cfd57496a9f02284489749b4229073861faca9d8a66df7d65507a77c5d31f?s=96&d=mm&r=g","height":96,"width":96}},"publisher":{"@type":"Organization","name":"cz-tat.cz","logo":{"@type":"ImageObject","@id":"\/logo.png","url":"\/logo.png","width":600,"height":60}},"image":{"@type":"ImageObject","@id":"https:\/\/www.cz-tat.cz\/wp-content\/uploads\/img_a279365_w1741_t1602821536.jpg","url":"https:\/\/www.cz-tat.cz\/wp-content\/uploads\/img_a279365_w1741_t1602821536.jpg","height":0,"width":0},"wordCount":460,"keywords":null}]},{"@context":"https:\/\/schema.org","@type":"WebSite","@id":"https:\/\/www.cz-tat.cz\/#website","name":"CZ tat","url":"https:\/\/www.cz-tat.cz","potentialAction":{"@type":"SearchAction","target":"https:\/\/www.cz-tat.cz\/?s={search_term_string}","query-input":"required name=search_term_string"}}]