[{"@context":"https:\/\/schema.org\/","@type":"Article","@id":"https:\/\/www.cz-tat.cz\/proc-je-kladen-duraz-na-zevnejsek\/#Article","mainEntityOfPage":"https:\/\/www.cz-tat.cz\/proc-je-kladen-duraz-na-zevnejsek\/","headline":"Pro\u010d je kladen d\u016fraz na zevn\u011bj\u0161ek","name":"Pro\u010d je kladen d\u016fraz na zevn\u011bj\u0161ek","description":"\u010clov\u011bk si m\u016f\u017ee \u0159\u00edci, \u017ee nez\u00e1le\u017e\u00ed ani tak na zevn\u011bj\u0161ku, jako na tom, co je uvnit\u0159 a to by si \u0159ekl bezpochyby spr\u00e1vn\u011b. Nen\u00ed nic v\u00edce povrchn\u00edho ne\u017e hled\u011bt pouze na to, jak n\u011bkdo vypad\u00e1 a soudit jej podle kvality obleku \u010di obuvi, podle l\u00e1tky, ze kter\u00e9 je jeho oble\u010den\u00ed vyrobeno, \u010di snad z jak\u00e9 [&hellip;]","datePublished":"2019-09-18","dateModified":"2023-04-27","author":{"@type":"Person","@id":"https:\/\/www.cz-tat.cz\/author\/#Person","name":"cz-tat.cz\n","url":"https:\/\/www.cz-tat.cz\/author\/","identifier":1,"image":{"@type":"ImageObject","@id":"https:\/\/secure.gravatar.com\/avatar\/774cfd57496a9f02284489749b4229073861faca9d8a66df7d65507a77c5d31f?s=96&d=mm&r=g","url":"https:\/\/secure.gravatar.com\/avatar\/774cfd57496a9f02284489749b4229073861faca9d8a66df7d65507a77c5d31f?s=96&d=mm&r=g","height":96,"width":96}},"publisher":{"@type":"Organization","name":"cz-tat.cz","logo":{"@type":"ImageObject","@id":"\/logo.png","url":"\/logo.png","width":600,"height":60}},"image":{"@type":"ImageObject","@id":"https:\/\/www.cz-tat.cz\/wp-content\/uploads\/img_a366162_w1741_t1578839734.jpg","url":"https:\/\/www.cz-tat.cz\/wp-content\/uploads\/img_a366162_w1741_t1578839734.jpg","height":0,"width":0},"url":"https:\/\/www.cz-tat.cz\/proc-je-kladen-duraz-na-zevnejsek\/","about":["Mu\u017ei"],"wordCount":431,"articleBody":"       \u010clov\u011bk si m\u016f\u017ee \u0159\u00edci, \u017ee nez\u00e1le\u017e\u00ed ani tak na zevn\u011bj\u0161ku, jako na tom, co je uvnit\u0159 a to by si \u0159ekl bezpochyby spr\u00e1vn\u011b. Nen\u00ed nic v\u00edce povrchn\u00edho ne\u017e hled\u011bt pouze na to, jak n\u011bkdo vypad\u00e1 a soudit jej podle kvality obleku \u010di obuvi, podle l\u00e1tky, ze kter\u00e9 je jeho oble\u010den\u00ed vyrobeno, \u010di snad z jak\u00e9 d\u00edlny poch\u00e1z\u00ed. Ale lidsk\u00e1 spole\u010dnost je nedokonal\u00e1 a stejn\u011b tak jsou i lid\u00e9 nedokonal\u00ed. A dokud si nebudeme \u010d\u00edst my\u0161lenky a sd\u00edlet pocity, budeme se v\u017edycky nejd\u0159\u00edve orientovat prvn\u00edm dojmem a pot\u00e9 t\u00edm, jak vn\u00edm\u00e1me druh\u00e9ho skrze jeho chov\u00e1n\u00ed, \u0159e\u010d t\u011bla, mluvu \u010di gestikulaci.   M\u00f3da pat\u0159\u00ed pr\u00e1v\u011b k tomuto prvn\u00edmu dojmu, nebo\u0165 je rozd\u00edl, kdy\u017e nap\u0159\u00edklad na pohovor vkro\u010d\u00edte v tepl\u00e1c\u00edch a v tri\u010dku a kdy\u017e tam vkro\u010d\u00edte v obleku, u\u010desan\u00ed a vo\u0148av\u00ed. Samoz\u0159ejm\u011b, m\u016f\u017eete zam\u011bstnavatele okouzlit tak moc, \u017ee si v\u00e1s najme i s t\u011bmi tepl\u00e1ky, ov\u0161em m\u00e1lokdy se jedn\u00e1 o skute\u010dn\u011b tak jedine\u010dn\u00e9ho \u010dlov\u011bka, \u017ee n\u011bkdo ignoruje jeho zevn\u011bj\u0161ek. M\u00f3dn\u00ed trendy jsou nemilosrdn\u00e9 k nepozorn\u00e9 mysli, tak\u017ee pokud chcete z\u016fstat neust\u00e1le \u201ev obraze\u201c, mus\u00edte b\u00fdt ve st\u0159ehu, po\u0159\u00e1d mus\u00edte sledovat, co se nos\u00ed a co ne, co se vrac\u00ed a co se zase ztr\u00e1c\u00ed. Nap\u0159\u00edklad hipster m\u00f3da je u\u017e dneska p\u0159ekonan\u00e1 v\u011bc, plnovousy, k\u0161andy a br\u00fdle vyst\u0159\u00eddaly zase jin\u00e9 kousky oble\u010den\u00ed.  \u010castokr\u00e1t se ale najde klasika, kter\u00e1 nest\u00e1rne a kter\u00e1 se hod\u00ed snad ke v\u0161em ud\u00e1lostem u\u017e po cel\u00e1 stalet\u00ed. M\u016f\u017eeme tomu \u0159\u00edkat business casual, formal nebo jin\u00fdm ciz\u00edm pojmem, ale cel\u00e1 magie je v tom, \u017ee vid\u00edte hezky upraven\u00e9ho \u010dlov\u011bka, ide\u00e1ln\u011b v \u010dist\u00e9m oble\u010den\u00ed, ve kter\u00e9m kombinuje prvky nebo se dr\u017e\u00ed osv\u011bd\u010den\u00e9ho receptu. T\u00edm receptem m\u016f\u017ee b\u00fdt nap\u0159\u00edklad sako, kalhoty, jednobarevn\u00e1 ko\u0161ile a lehk\u00e9 polobotky, pro mlad\u00e9ho \u010dlov\u011bka ide\u00e1ln\u00ed. M\u016f\u017ee to b\u00fdt ale tak\u00e9 p\u011bkn\u00fd p\u00e1r bot, nov\u00e9 kalhoty a jednobarevn\u00e9 tri\u010dko nebo d\u017e\u00edny, pokud jsou vhodn\u011b kombinov\u00e1ny. Tak\u017ee nemus\u00edte se v\u017edy orientovat podle v\u00fdst\u0159elk\u016f m\u00f3dy, ob\u010das sta\u010d\u00ed jenom vz\u00edt to, co se osv\u011bd\u010dilo a jenom to trochu obm\u011bnit.                                                                                                                                                                                                                                                                                                                                                                                                   "},{"@context":"https:\/\/schema.org\/","@type":"BreadcrumbList","itemListElement":[{"@type":"ListItem","position":1,"name":"Pro\u010d je kladen d\u016fraz na zevn\u011bj\u0161ek","item":"https:\/\/www.cz-tat.cz\/proc-je-kladen-duraz-na-zevnejsek\/#breadcrumbitem"}]}]