[{"@context":"https:\/\/schema.org\/","@type":"Article","@id":"https:\/\/www.cz-tat.cz\/prohlidka-prahy-s-u-ubytovanim-standard-v-prazske-ubytovne\/#Article","mainEntityOfPage":"https:\/\/www.cz-tat.cz\/prohlidka-prahy-s-u-ubytovanim-standard-v-prazske-ubytovne\/","headline":"Prohl\u00eddka Prahy s u ubytov\u00e1n\u00edm standard v pra\u017esk\u00e9 ubytovn\u011b","name":"Prohl\u00eddka Prahy s u ubytov\u00e1n\u00edm standard v pra\u017esk\u00e9 ubytovn\u011b","description":"Ubytov\u00e1n\u00ed v Praze pro turisty, kte\u0159\u00ed by si r\u00e1di prohl\u00e9dli pam\u011btihodnosti a p\u0159\u00edrodn\u00ed kr\u00e1sy jednoho z nejkr\u00e1sn\u011bj\u0161\u00edch m\u011bst sv\u011bta, se \u0161plh\u00e1 do nejvy\u0161\u0161\u00edch cenov\u00fdch kategori\u00ed. Za b\u011b\u017en\u00fd standard v soukrom\u00e9m penzionu zaplat\u00edte p\u0159ibli\u017en\u011b v pr\u016fm\u011bru za jeden nocleh 600 korun, v hostelu se sn\u00ed\u017een\u00fdm komfortem vyd\u00e1te zhruba polovinu a ceny hotelov\u00fdch pokoj\u016f a apartm\u00e1n\u016f jsou [&hellip;]","datePublished":"2019-07-05","dateModified":"2023-04-27","author":{"@type":"Person","@id":"https:\/\/www.cz-tat.cz\/author\/#Person","name":"cz-tat.cz\n","url":"https:\/\/www.cz-tat.cz\/author\/","identifier":1,"image":{"@type":"ImageObject","@id":"https:\/\/secure.gravatar.com\/avatar\/774cfd57496a9f02284489749b4229073861faca9d8a66df7d65507a77c5d31f?s=96&d=mm&r=g","url":"https:\/\/secure.gravatar.com\/avatar\/774cfd57496a9f02284489749b4229073861faca9d8a66df7d65507a77c5d31f?s=96&d=mm&r=g","height":96,"width":96}},"publisher":{"@type":"Organization","name":"cz-tat.cz","logo":{"@type":"ImageObject","@id":"\/logo.png","url":"\/logo.png","width":600,"height":60}},"image":{"@type":"ImageObject","@id":"https:\/\/www.cz-tat.cz\/wp-content\/uploads\/img_a360536_w1741_t1574179052.jpg","url":"https:\/\/www.cz-tat.cz\/wp-content\/uploads\/img_a360536_w1741_t1574179052.jpg","height":0,"width":0},"url":"https:\/\/www.cz-tat.cz\/prohlidka-prahy-s-u-ubytovanim-standard-v-prazske-ubytovne\/","about":["Business"],"wordCount":473,"articleBody":"   Ubytov\u00e1n\u00ed v Praze pro turisty, kte\u0159\u00ed by si r\u00e1di prohl\u00e9dli pam\u011btihodnosti a p\u0159\u00edrodn\u00ed kr\u00e1sy jednoho z nejkr\u00e1sn\u011bj\u0161\u00edch m\u011bst sv\u011bta, se \u0161plh\u00e1 do nejvy\u0161\u0161\u00edch cenov\u00fdch kategori\u00ed. Za b\u011b\u017en\u00fd standard v soukrom\u00e9m penzionu zaplat\u00edte p\u0159ibli\u017en\u011b v pr\u016fm\u011bru za jeden nocleh 600 korun, v hostelu se sn\u00ed\u017een\u00fdm komfortem vyd\u00e1te zhruba polovinu a ceny hotelov\u00fdch pokoj\u016f a apartm\u00e1n\u016f jsou n\u011bkolikan\u00e1sobn\u011b vy\u0161\u0161\u00ed. Praha je v tomto sm\u011bru srovnateln\u00e1 s n\u011bkter\u00fdmi turisticky atraktivn\u00edmi horsk\u00fdmi st\u0159edisky, kde se ceny v sezon\u011b rovn\u011b\u017e pohybuj\u00ed v podobn\u00fdch relac\u00edch. P\u0159itom do na\u0161eho hlavn\u00edho m\u011bsta proud\u00ed ka\u017ed\u00fd t\u00fdden stovky nad\u0161enc\u016f, p\u0159ev\u00e1\u017en\u011b mlad\u0161\u00edho v\u011bku, kter\u00e9 l\u00e1k\u00e1 obrovsk\u00e9 mno\u017estv\u00ed zaj\u00edmav\u00fdch m\u00edst. Z\u00e1\u017eitkov\u00e1 dovolen\u00e1 je dnes nav\u00edc v kurzu a stoup\u00e1 z\u00e1jem o destinace v tuzemsku, kde Praha m\u00e1 sv\u00e9 pevn\u00e9 zastoupen\u00ed. Pro\u010d zbyte\u010dn\u011b utr\u00e1cet za drah\u00fd nocleh Tuto ot\u00e1zku si klade \u0159ada n\u00e1v\u0161t\u011bvn\u00edk\u016f a ti se tak\u00e9 obrac\u00ed sm\u011brem k levn\u011bj\u0161\u00edmu \u0159e\u0161en\u00ed ubytov\u00e1n\u00ed standard  v ubytovn\u00e1ch. Podstatn\u00e9 je, aby m\u011bli zaji\u0161t\u011bn nocleh na pohodln\u00fdch matrac\u00edch, \u010dist\u00e9 l\u016f\u017ekoviny, vlastn\u00ed koupelnu a toaletu, p\u0159\u00edpadn\u011b kuchy\u0148ku. Samoz\u0159ejmost\u00ed je dnes mo\u017enost p\u0159ipojen\u00ed k Internetu p\u0159es Wi-Fi. Mlad\u00ed lid\u00e9 zpravidla cestuj\u00ed ve skupin\u00e1ch, v\u0161ichni se mezi sebou dob\u0159e znaj\u00ed a nevad\u00ed jim i v\u00edcel\u016f\u017ekov\u00e9 pokoje. V tomto sm\u011bru jsou sp\u00ed\u0161e v\u00fdhodou, kdy umo\u017e\u0148uj\u00ed l\u00e9pe sd\u00edlet sv\u00e9 z\u00e1\u017eitky z prohl\u00eddky m\u011bsta. N\u011bkte\u0159\u00ed lid\u00e9 maj\u00ed tak\u00e9 zkreslenou p\u0159edstavu o sou\u010dasn\u00e9m b\u011b\u017en\u00e9m standardu ubytoven, nejsou to zkr\u00e1tka \u201eUnimo bu\u0148ky\u201c, v nich\u017e za socialismu bydleli \u0159emesln\u00edci na stavb\u00e1ch, a tak u\u0161et\u0159it zna\u010dnou \u010d\u00e1stku za ubytov\u00e1n\u00ed, neznamen\u00e1 pro\u017e\u00edt prodlou\u017een\u00fd v\u00edkend nebo t\u00fdden v Praze v ne\u00fanosn\u00fdch podm\u00ednk\u00e1ch. Praha \u2013 to nen\u00ed jen Karl\u016fv most a dominanta Pra\u017esk\u00e9ho hradu A nen\u00ed to ani pouh\u00e9 p\u0159elidn\u011bn\u00e9 velkom\u011bsto s tis\u00edci bytov\u00fdmi domy. Krom\u011b v\u00fdznamn\u00fdch pam\u00e1tek, kter\u00e9 si jist\u011b nenech\u00e1 uj\u00edt asi nikdo, si pobyt m\u016f\u017eete zpest\u0159it i odpo\u010dinkem v parkov\u00fdch z\u00f3n\u00e1ch. M\u016f\u017eeme nam\u00e1tkou jmenovat zahradu \u010cern\u00ednsk\u00e9ho pal\u00e1ce, rozs\u00e1hl\u00fd krajinn\u00fd park Divokou \u0160\u00e1rku, barokn\u00ed z\u00e1me\u010dek Troja nedaleko zoologick\u00e9 zahrady, botanickou zahradu se sklen\u00edkem Fata Morgana, Letensk\u00e9 sady, pam\u00e1tn\u00fd vrch V\u00edtkov, Ladronku, parky Klamovku, Balabenku a Stromovku, Barrandovsk\u00e9 sk\u00e1ly, Mod\u0159anskou rokli a mnoho dal\u0161\u00edch m\u00edst.                                                                                                                                                                                                                                                                                                                                                                                                  "},{"@context":"https:\/\/schema.org\/","@type":"BreadcrumbList","itemListElement":[{"@type":"ListItem","position":1,"name":"Prohl\u00eddka Prahy s u ubytov\u00e1n\u00edm standard v pra\u017esk\u00e9 ubytovn\u011b","item":"https:\/\/www.cz-tat.cz\/prohlidka-prahy-s-u-ubytovanim-standard-v-prazske-ubytovne\/#breadcrumbitem"}]}]