[{"@context":"https:\/\/schema.org\/","@type":"Article","@id":"https:\/\/www.cz-tat.cz\/s-vasim-ukolem-si-vime-rady\/#Article","mainEntityOfPage":"https:\/\/www.cz-tat.cz\/s-vasim-ukolem-si-vime-rady\/","headline":"S va\u0161\u00edm \u00fakolem si v\u00edme rady","name":"S va\u0161\u00edm \u00fakolem si v\u00edme rady","description":"Nebojte se \u010di\u0161t\u011bn\u00ed koberc\u016f. Ka\u017ed\u00e1 dom\u00e1cnost by m\u011bla tohle pucov\u00e1n\u00ed alespo\u0148 jednou do roka ud\u011blt skute\u010dn\u011b brilantn\u011b a nem\u00edt obavu z velk\u00fdch akc\u00ed. Oby\u010dejn\u00fd vysava\u010d neodsaje v\u0161echny ne\u010distoty, na to u\u017e jste zajist\u00e9 za ty roky taky p\u0159i\u0161li! Tak\u017ee hur\u00e1 do akce, kter\u00e1 nesnese velk\u00e9ho odkladu. Velk\u00fd \u00faklid se nemus\u00ed odehr\u00e1vat jenom na V\u00e1noce. Vrhn\u011bte [&hellip;]","datePublished":"2024-11-12","dateModified":"2024-11-12","author":{"@type":"Person","@id":"https:\/\/www.cz-tat.cz\/author\/#Person","name":"cz-tat.cz\n","url":"https:\/\/www.cz-tat.cz\/author\/","identifier":1,"image":{"@type":"ImageObject","@id":"https:\/\/secure.gravatar.com\/avatar\/774cfd57496a9f02284489749b4229073861faca9d8a66df7d65507a77c5d31f?s=96&d=mm&r=g","url":"https:\/\/secure.gravatar.com\/avatar\/774cfd57496a9f02284489749b4229073861faca9d8a66df7d65507a77c5d31f?s=96&d=mm&r=g","height":96,"width":96}},"publisher":{"@type":"Organization","name":"cz-tat.cz","logo":{"@type":"ImageObject","@id":"\/logo.png","url":"\/logo.png","width":600,"height":60}},"url":"https:\/\/www.cz-tat.cz\/s-vasim-ukolem-si-vime-rady\/","wordCount":172,"articleBody":"Nebojte se \u010di\u0161t\u011bn\u00ed koberc\u016f. Ka\u017ed\u00e1 dom\u00e1cnost by m\u011bla tohle pucov\u00e1n\u00ed alespo\u0148 jednou do roka ud\u011blt skute\u010dn\u011b brilantn\u011b a nem\u00edt obavu z velk\u00fdch akc\u00ed. Oby\u010dejn\u00fd vysava\u010d neodsaje v\u0161echny ne\u010distoty, na to u\u017e jste zajist\u00e9 za ty roky taky p\u0159i\u0161li! Tak\u017ee hur\u00e1 do akce, kter\u00e1 nesnese velk\u00e9ho odkladu. Velk\u00fd \u00faklid se nemus\u00ed odehr\u00e1vat jenom na V\u00e1noce. Vrhn\u011bte se na jarn\u00ed \u00faklid ve velk\u00e9m stylu, jen a\u0165 va\u0161e \u201et\u00e9bichy\u201c z\u00e1\u0159\u00ed novotou. Nandejte \u0161p\u00edn\u011b po\u0159\u00e1dnou odvetu! Paraziti nebudou m\u00edt \u0161anciVysava\u010dem v\u0161e neodstran\u00edteNen\u00ed mo\u017en\u00e9 m\u00edt v byt\u011b dom\u00e1c\u00edho mazl\u00ed\u010dka a alespo\u0148 jednou do roka po\u0159\u00e1dn\u011b nevy\u010distit koberce v pra\u017esk\u00e9m byt\u011b mokr\u00fdm hloubkov\u00fdm zp\u016fsobem. Ur\u010dit\u011b v\u00edte, o \u010dem se tu mluv\u00ed, ale m\u00e1lokdo zvedne telefon a skute\u010dn\u011b si takov\u00fd \u00faklid objedn\u00e1. Zapome\u0148te na pen\u00edze, hygiena a hygienick\u00e9 n\u00e1vyky.                                                                                                                                                                                                                                                                                                                                                                                                "},{"@context":"https:\/\/schema.org\/","@type":"BreadcrumbList","itemListElement":[{"@type":"ListItem","position":1,"name":"S va\u0161\u00edm \u00fakolem si v\u00edme rady","item":"https:\/\/www.cz-tat.cz\/s-vasim-ukolem-si-vime-rady\/#breadcrumbitem"}]}]