[{"@context":"https:\/\/schema.org\/","@type":"Article","@id":"https:\/\/www.cz-tat.cz\/vse-jako-v-kamenne-kancelari\/#Article","mainEntityOfPage":"https:\/\/www.cz-tat.cz\/vse-jako-v-kamenne-kancelari\/","headline":"V\u0161e jako v kamenn\u00e9 kancel\u00e1\u0159i","name":"V\u0161e jako v kamenn\u00e9 kancel\u00e1\u0159i","description":"\u017d\u00e1dn\u00ed zbyte\u010dn\u00e9 pen\u00edze za pron\u00e1jem prostor EndFragment M\u00e1te z\u00e1jem m\u00edt s\u00eddlo firmy p\u0159\u00edmo v centru Prahy? Pokud ano, pak jsme tady pro V\u00e1s. Nab\u00edz\u00edme V\u00e1m vlastn\u00ed s\u00eddlo firmy za velice p\u0159\u00edjemn\u00e9 ceny. A to ji\u017e od 452,- K\u010d za m\u011bs\u00edc pron\u00e1jmu. Samoz\u0159ejm\u011b se nejedn\u00e1 o klasick\u00e9 kancel\u00e1\u0159e, ale o virtu\u00e1ln\u00ed kancel\u00e1\u0159. I kdy\u017e je virtu\u00e1ln\u00ed, [&hellip;]","datePublished":"2025-04-29","dateModified":"2025-04-29","author":{"@type":"Person","@id":"https:\/\/www.cz-tat.cz\/author\/#Person","name":"cz-tat.cz\n","url":"https:\/\/www.cz-tat.cz\/author\/","identifier":1,"image":{"@type":"ImageObject","@id":"https:\/\/secure.gravatar.com\/avatar\/774cfd57496a9f02284489749b4229073861faca9d8a66df7d65507a77c5d31f?s=96&d=mm&r=g","url":"https:\/\/secure.gravatar.com\/avatar\/774cfd57496a9f02284489749b4229073861faca9d8a66df7d65507a77c5d31f?s=96&d=mm&r=g","height":96,"width":96}},"publisher":{"@type":"Organization","name":"cz-tat.cz","logo":{"@type":"ImageObject","@id":"\/logo.png","url":"\/logo.png","width":600,"height":60}},"url":"https:\/\/www.cz-tat.cz\/vse-jako-v-kamenne-kancelari\/","wordCount":193,"articleBody":"\u017d\u00e1dn\u00ed zbyte\u010dn\u00e9 pen\u00edze za pron\u00e1jem prostorEndFragment M\u00e1te z\u00e1jem m\u00edt s\u00eddlo firmy p\u0159\u00edmo v centru Prahy? Pokud ano, pak jsme tady pro V\u00e1s. Nab\u00edz\u00edme V\u00e1m vlastn\u00ed s\u00eddlo firmy za velice p\u0159\u00edjemn\u00e9 ceny. A to ji\u017e od 452,- K\u010d za m\u011bs\u00edc pron\u00e1jmu. Samoz\u0159ejm\u011b se nejedn\u00e1 o klasick\u00e9 kancel\u00e1\u0159e, ale o virtu\u00e1ln\u00ed kancel\u00e1\u0159. I kdy\u017e je virtu\u00e1ln\u00ed, velmi dob\u0159e poslou\u017e\u00ed Va\u0161\u00ed spole\u010dnosti.U\u0161et\u0159ete za pron\u00e1jem kancel\u00e1\u0159eEndFragment Vybaven\u00ed, kter\u00e9 m\u00e1 virtu\u00e1ln\u00ed kancel\u00e1\u0159, v\u016fbec nen\u00ed stroh\u00e9 a na prvn\u00ed pohled neodpov\u00edd\u00e1 cen\u011b pron\u00e1jmu. V z\u00e1kladn\u00edm bal\u00ed\u010dku m\u016f\u017eete vyu\u017e\u00edvat na\u0161i zasedac\u00ed m\u00edstnost. Nap\u0159\u00edklad p\u0159i pohovorech s \u00fa\u0159ady \u010di s klienty. Tak\u00e9 samoz\u0159ejm\u011b dostanete vlastn\u00ed pevnou telefonn\u00ed linku. Tu p\u0159epoj\u00edme na Va\u0161e telefonn\u00ed \u010d\u00edslo. V cen\u011b je i po\u0161tovn\u00ed schr\u00e1nka.Webov\u00e9 str\u00e1nkyN\u00e1\u0161 web V\u00e1m m\u016f\u017ee poodkr\u00fdt dal\u0161\u00ed pozitiva, kter\u00e1 m\u00e1 na\u0161e virtu\u00e1ln\u00ed kancel\u00e1\u0159. Na str\u00e1nk\u00e1ch se nach\u00e1zej\u00ed tak\u00e9 na\u0161e kontaktn\u00ed \u00fadaje.                                                                                                                                                                                                                                                                                                                                                                                                "},{"@context":"https:\/\/schema.org\/","@type":"BreadcrumbList","itemListElement":[{"@type":"ListItem","position":1,"name":"V\u0161e jako v kamenn\u00e9 kancel\u00e1\u0159i","item":"https:\/\/www.cz-tat.cz\/vse-jako-v-kamenne-kancelari\/#breadcrumbitem"}]}]